{"id":3148,"date":"2018-08-07T00:00:00","date_gmt":"2018-08-07T04:00:00","guid":{"rendered":"https:\/\/dumoulincompetition.com\/the-grand-prix-de-trois-rivieres-jf-dumoulins-most-important-race-of-the-season\/"},"modified":"2018-08-07T00:00:00","modified_gmt":"2018-08-07T04:00:00","slug":"the-grand-prix-de-trois-rivieres-jf-dumoulins-most-important-race-of-the-season","status":"publish","type":"post","link":"https:\/\/dumoulincompetition.com\/en\/news\/the-grand-prix-de-trois-rivieres-jf-dumoulins-most-important-race-of-the-season\/","title":{"rendered":"The Grand Prix de Trois-Rivi\u00e8res: JF Dumoulin&#8217;s most important race of the season!"},"content":{"rendered":"<p style=\"text-align: left;\">NASCAR Pinty&#8217;s\u00a0Series, Eight round &#8211; Urban Track Layout &#8211; Grand Prix de Trois-Rivi\u00e8res &#8211; August 10 to 12, 2018\u00a0<\/p>\n<p>Jean-Fran\u00e7ois Dumoulin and his #04\u00a0<strong>Spectra\u00a0Premium<\/strong> | Bernier Cr\u00e9peau Chrysler Fiat | Groupe Bellemare | MIA | Trois-Rivi\u00e8res Mitsubishi team are preparing for their most important race of the season: the Grand Prix de Trois-Rivi\u00e8res. After his great podium finish (3<sup>rd<\/sup>) in the Toronto round a few weeks ago, Jean-Fran\u00e7ois Dumoulin knows that his car is ready to match his level of performance and play for the win.<br \/>\u00a0<br \/>&#8220;I appreciate the Trois-Rivi\u00e8res event above all others, as we are at home. The team is in a good place right now, especially after our great run in Toronto (3<sup>rd<\/sup> place). We have worked on a new set-up for our #04\u00a0<strong>Spectra\u00a0Premium<\/strong> | Bernier Cr\u00e9peau Chrysler Fiat | Groupe Bellemare | MIA | Trois-Rivi\u00e8res Mitsubishi car, one better adapted to the idiosyncrasies of the unique track layout, and I am certain that our car will be up amongst the leaders for the race. I expect great things this weekend&#8221;, mentioned a confident Jean-Fran\u00e7ois Dumoulin.<br \/>\u00a0<br \/><strong>Two Cars Bearing Spectra Premium Colours<\/strong><br \/>Dumoulin Comp\u00e9tition faces some extra work this weekend after adding a third car to their normal-two-car preparation workload. As part of an international exchange program, Whelen Euro Series current championship leader Fr\u00e9d\u00e9ric Gabillon will drive the #07 <strong>Spectra\u00a0Premium<\/strong> car as teammate to Jean-Francois Dumoulin. <strong>Fr\u00e9d\u00e9ric Gabillon will thus become the first driver from France to take part in a NASCAR Canada event<\/strong>.<\/p>\n<p style=\"text-align: center;\"><strong>49th<\/strong> Grand Prix de Trois-Rivi\u00e8res and<br \/><strong>49 years <\/strong>of passion for the Dumoulin family\u00a0<\/p>\n<p>Both the Grand Prix de Trois-Rivi\u00e8res and the Dumoulin family are on their way to a <strong>half-century<\/strong> (50 years) of racing (2019). Collectively, the family totals an incredible 64 appearances (Richard (father)\u00a0: 13 | Jean-Fran\u00e7ois\u00a0: 23 | Louis-Philippe\u00a0: 20 et G\u00e9rald (uncle)\u00a0: 8), and are certainly the Grand Prix&#8217;s most fervent supporters, both locally and internationally.<br \/>\u00a0<br \/>Moreover, a third Dumoulin will be on the track, uncle G\u00e9rald Dumoulin, winner of the PRO-AM class in 2016. He will participate in the F1600 Canada events held on Friday evening, Saturday morning and Saturday afternoon.<\/p>\n<ul>\n<li><strong>Schedule and Race Central Live<\/strong>:\u00a0<a href=\"https:\/\/hometracks.nascar.com\/international\/pintys-series\/race-central-live-2018-nascar-pintys-series\/\" data-cke-saved-href=\"https:\/\/hometracks.nascar.com\/international\/pintys-series\/race-central-live-2018-nascar-pintys-series\/\">https:\/\/hometracks.nascar.com\/international\/pintys-series\/race-central-live-2018-nascar-pintys-series\/<\/a><\/li>\n<li>The Grand Prix de Trois-Rivi\u00e8res NASCAR Pinty&#8217;s Series main event will be <strong>BROADCAST LIVE<\/strong> on RDS2 on Sunday, August 12<sup>th<\/sup> at 2 pm Eastern Time, and on the Internet at fanchoice.tv.<\/li>\n<\/ul>\n<div>\n<div style=\"text-align: center;\"><strong>War Against Cancer BLITZ<\/strong><strong>!<\/strong><\/div>\n<p><strong>Back home in Trois-Rivi\u00e8res<\/strong>\u2026 where we want to cover the trunk lids of all three Dumoulin Competition team cars with your signatures and your support. <strong>Take up the Challenge with us!<\/strong><br \/>Our fight against cancer continues:<\/p>\n<ol>\n<li>Come see our volunteers near our paddock installations starting Friday and contribute to our campaign.<\/li>\n<li value=\"2\">Get up on our podium along the Shopper&#8217;s Lane for a souvenir picture.<\/li>\n<\/ol>\n<p><strong>To make a donation online<\/strong>: <a href=\"http:\/\/www.lacoursecontrelecancer.ca\" data-cke-saved-href=\"http:\/\/www.lacoursecontrelecancer.ca\">lacoursecontrelecancer.ca<\/a><\/p>\n<div>\n<\/div>\n<div style=\"text-align: center;\"><strong>The Dumoulin Corner: 49 years of history for you to relive<\/strong><\/div>\n<p>Historic\u00a0<strong>Moment<\/strong> <strong>#5\u00a0<\/strong>was posted on the team&#8217;s Facebook page on August 2<sup>nd<\/sup>. <strong>Flashback to a 2001<\/strong> Podium shot of Louis-Philippe Dumoulin after a FF1600 race at Trois-Rivi\u00e8res.\u00a0 Would you like to find out a funny story about that moment?<br \/><strong>Visit the team&#8217;s Facebook<\/strong> site for the full story: <a href=\"https:\/\/www.facebook.com\/dumoulincompetition\/\" data-cke-saved-href=\"https:\/\/www.facebook.com\/dumoulincompetition\/\">facebook.com\/dumoulincompetition\/<\/a> \u00a0<\/p>\n<\/div>\n<div>\n<div style=\"text-align: center;\"><strong>&#8220;Passion \u2013 Performance \u2013 Partnerships&#8221;<\/strong><\/div>\n<div style=\"text-align: center;\">\u00a0<\/div>\n<div style=\"text-align: center;\">\n<div style=\"text-align: left;\"><strong>Photo credit<\/strong> : Matthew Manor CSCG<\/div>\n<div style=\"text-align: left;\">\u00a0<\/div>\n<\/div>\n<div>\n<div><strong>THE MAIN CHARACTERISTICS OF THE <\/strong><strong>SPECTRA PREMIUM HIGH-PERFORMANCE RADIATOR<\/strong><\/div>\n<ul>\n<li>All-aluminum construction, using optimally balanced material thickness to minimize weight;<\/li>\n<li>Heavy gauge tubes for increased durability;<\/li>\n<li>In-tank or external oil cooler as required;<\/li>\n<li>Universal anchor points available for quicker installation and removal &#8211; no special tools required;<\/li>\n<li>Integrated lightweight fan brackets available to provide a secure mounting point that fits a wide range of electric fans;<\/li>\n<li>Universal connection ports allow a variety of coolant hose adaptors to be used.<\/li>\n<\/ul>\n<\/div>\n<\/div>\n<p><strong>ABOUT PARTNERS<\/strong><\/p>\n<div><strong>Spectra Premium Industries<\/strong> is a privately held company headquartered in Boucherville, Quebec, Canada. Spectra Premium<sup>TM<\/sup> is a team of more than 1,300 dedicated employees that specializes in automotive parts design, manufacturing and distribution for heating &amp; cooling, fuel delivery, ignition and engine management, climate control and undercar. The Company owns and operates four manufacturing plants and 18 warehouses. With its distribution networks in the United States, Canada, Mexico and Europe, and its unparalleled customer and after sales service, Spectra Premium<sup>TM<\/sup> is the automobile manufacturers&#8217;, auto technicians&#8217; and handymen&#8217;s choice for reliable, quality parts and automotive systems. Trust your vehicle to Spectra Premium<sup>TM<\/sup> (<a href=\"http:\/\/www.spectrapremium.com\/apres_marche.html\" target=\"_blank\" rel=\"noopener\" data-cke-saved-href=\"http:\/\/www.spectrapremium.com\/apres_marche.html\">spectrapremium.com<\/a>).<\/div>\n<p>\u00a0<\/p>\n<div><strong>Bernier Crepeau Chrysler Fiat<\/strong>: With 25 years of experience, the family business has built an enviable reputation in the field of vehicle acquisition. If the future of this company is linked to the loyalty of its customers, it is also held by the reliability and strong communication of its team. This team is at your disposal, ready to listen to you, to hear you. Passion, care, and determination. A team willing to go the extra mile, with its ears wide open (<a href=\"https:\/\/www.berniercrepeau.com\/\" target=\"_blank\" rel=\"noopener\" data-cke-saved-href=\"https:\/\/www.berniercrepeau.com\/\">berniercrepeau.com<\/a>).<\/p>\n<\/div>\n<div><strong>Groupe Bellemare<\/strong>: Competitive and dynamic, Thomas Bellemare&#8217;s innovative and growing family team is ready to take on any challenge. With support from senior members and a qualified team of managers, the third-generation Bellemares are reaching new heights. Built upon a solid past, the company moves forward with an exceptional team of experts and seeks a select group of clients. Our clients continue to benefit from our wide variety of services that target a large number of sectors. As a result, our visibility is constantly on the rise. Working with the Bellemare team has become a measure of success. Start off right by choosing a winning team! (<a href=\"http:\/\/www.groupebellemare.com\/\" target=\"_blank\" rel=\"noopener\" data-cke-saved-href=\"http:\/\/www.groupebellemare.com\/\">groupebellemare.com<\/a>).<\/p>\n<p><strong>MIA \u2013 Motorsports In Action<\/strong>: With over 50 years of combined Motorsport experience, MIA is making a name for itself in the industry in &#8220;La Belle Province&#8221;. Being trackside, situated at Autodrome St-Eustache, gives our clients &#8220;real time&#8221; results, testing their vehicles. One stop shopping is our strength, from high-end mechanics, exotic automotive maintenance, complete race car building and design to prestige paint and meticulous detailing. &#8220;Leave it, then enjoy it!&#8221; (<a href=\"https:\/\/www.motorsportsinaction.com\/\" target=\"_blank\" rel=\"noopener\" data-cke-saved-href=\"https:\/\/www.motorsportsinaction.com\/\">motorsportsinaction.com<\/a>).<\/p>\n<\/div>\n<div><strong>Trois-Rivi\u00e8res Mitsubishi<\/strong>\u00a0is proud to be one of the first Mitsubishi dealers in Canada (opening in 2002). The commitment from Mitsubishi is defined by the quality, reliability and durability of its vehicles, notably with their 10-year warranty, the best in the industry! Pride, integrity and respect are the values of the Trois-Rivi\u00e8res Mitsubishi team (<a href=\"http:\/\/www.troisrivieresmitsubishi.ca\/?lng=3\" target=\"_blank\" rel=\"noopener\" data-cke-saved-href=\"http:\/\/www.troisrivieresmitsubishi.ca\/?lng=3\">troisrivieresmitsubishi.ca<\/a>).<\/p>\n<\/div>\n<div><strong>Summary \u2013 Highlights in Jean-Fran\u00e7ois Dumoulin&#8217;s career<\/strong><\/p>\n<ul>\n<li>First\u00a0<strong>podium<\/strong>\u00a0in the NASCAR Canadian Tire series on May 17, 2015 (3<sup>rd<\/sup>\u00a0place \u2013 Canadian Tire Motorsport Park);<\/li>\n<li>NASCAR Pinty&#8217;s Series Championship since 2015;<\/li>\n<li>The <strong>first Quebec-born<\/strong> driver <strong>to win twice<\/strong> the\u00a0<strong>Rolex 24 in Daytona<\/strong>; 2004 (SGS and 2007 (GT);<\/li>\n<li>Caught the attention of the <strong>renowned Player&#8217;s Driver Development Program<\/strong> scout\u00a0(Formula Ford and Formula Atlantic),\u00a0became one of the youngest drivers\u00a0ever to be recruited, and was\u00a0touted as a strong contender for the championship title in Formula Ford (1996 and 1997 seasons);<\/li>\n<li>Champion of the\u00a0<strong>Grand-Am Continental Tire Sports Car Challenge GS<\/strong>, USA in 2003 (9 podiums);<\/li>\n<li>Champion of the\u00a0<strong>Grand-Am Continental Tire Sport Car Challenge ST<\/strong>, USA in 2002 (5 podiums);<\/li>\n<li>In Montreal&#8217;s 2009 edition of\u00a0<strong>NASCAR Nationwide<\/strong>, he finished his first race in 7<sup>th<\/sup>\u00a0position aboard a badly damaged car and won the hearts of numerous fans and reporters;<\/li>\n<li>In 2000, he was the\u00a0<strong>Motorola Cup Series Vice-Champion<\/strong>,\u00a0during a season that included\u00a0a\u00a0<strong>1<sup>st<\/sup>\u00a0place\u00a0podium finish after having begun the race in 52<sup>nd<\/sup>\u00a0position\u00a0<\/strong>at the<strong>Molson Indy event in Ontario, <\/strong>Canada.<\/li>\n<\/ul>\n<\/div>\n","protected":false},"excerpt":{"rendered":"<p>NASCAR Pinty&#8217;s\u00a0Series, Eight round &#8211; Urban Track Layout &#8211; Grand Prix de Trois-Rivi\u00e8res &#8211; August 10 to 12, 2018\u00a0 Jean-Fran\u00e7ois [&hellip;]<\/p>\n","protected":false},"author":1,"featured_media":2558,"comment_status":"closed","ping_status":"closed","sticky":false,"template":"","format":"standard","meta":{"_acf_changed":false,"site-sidebar-layout":"default","site-content-layout":"","ast-site-content-layout":"default","site-content-style":"default","site-sidebar-style":"default","ast-global-header-display":"","ast-banner-title-visibility":"","ast-main-header-display":"","ast-hfb-above-header-display":"","ast-hfb-below-header-display":"","ast-hfb-mobile-header-display":"","site-post-title":"","ast-breadcrumbs-content":"","ast-featured-img":"","footer-sml-layout":"","ast-disable-related-posts":"","theme-transparent-header-meta":"","adv-header-id-meta":"","stick-header-meta":"","header-above-stick-meta":"","header-main-stick-meta":"","header-below-stick-meta":"","astra-migrate-meta-layouts":"default","ast-page-background-enabled":"default","ast-page-background-meta":{"desktop":{"background-color":"var(--ast-global-color-4)","background-image":"","background-repeat":"repeat","background-position":"center center","background-size":"auto","background-attachment":"scroll","background-type":"","background-media":"","overlay-type":"","overlay-color":"","overlay-opacity":"","overlay-gradient":""},"tablet":{"background-color":"","background-image":"","background-repeat":"repeat","background-position":"center center","background-size":"auto","background-attachment":"scroll","background-type":"","background-media":"","overlay-type":"","overlay-color":"","overlay-opacity":"","overlay-gradient":""},"mobile":{"background-color":"","background-image":"","background-repeat":"repeat","background-position":"center center","background-size":"auto","background-attachment":"scroll","background-type":"","background-media":"","overlay-type":"","overlay-color":"","overlay-opacity":"","overlay-gradient":""}},"ast-content-background-meta":{"desktop":{"background-color":"var(--ast-global-color-5)","background-image":"","background-repeat":"repeat","background-position":"center center","background-size":"auto","background-attachment":"scroll","background-type":"","background-media":"","overlay-type":"","overlay-color":"","overlay-opacity":"","overlay-gradient":""},"tablet":{"background-color":"var(--ast-global-color-5)","background-image":"","background-repeat":"repeat","background-position":"center center","background-size":"auto","background-attachment":"scroll","background-type":"","background-media":"","overlay-type":"","overlay-color":"","overlay-opacity":"","overlay-gradient":""},"mobile":{"background-color":"var(--ast-global-color-5)","background-image":"","background-repeat":"repeat","background-position":"center center","background-size":"auto","background-attachment":"scroll","background-type":"","background-media":"","overlay-type":"","overlay-color":"","overlay-opacity":"","overlay-gradient":""}},"footnotes":""},"categories":[38],"tags":[],"class_list":["post-3148","post","type-post","status-publish","format-standard","has-post-thumbnail","hentry","category-news"],"acf":[],"yoast_head":"<!-- This site is optimized with the Yoast SEO plugin v27.5 - https:\/\/yoast.com\/product\/yoast-seo-wordpress\/ -->\n<title>The Grand Prix de Trois-Rivi\u00e8res: JF Dumoulin&#039;s most important race of the season! - Dumoulin Comp\u00e9tition<\/title>\n<meta name=\"description\" content=\"NASCAR Pinty&#039;s\u00a0Series, Eight round - Urban Track Layout - Grand Prix de Trois-Rivi\u00e8res - August 10 to 12, 2018\u00a0 Jean-Fran\u00e7ois Dumoulin and his\" \/>\n<meta name=\"robots\" content=\"index, follow, max-snippet:-1, max-image-preview:large, max-video-preview:-1\" \/>\n<link rel=\"canonical\" href=\"https:\/\/dumoulincompetition.com\/en\/news\/the-grand-prix-de-trois-rivieres-jf-dumoulins-most-important-race-of-the-season\/\" \/>\n<meta property=\"og:locale\" content=\"en_US\" \/>\n<meta property=\"og:type\" content=\"article\" \/>\n<meta property=\"og:title\" content=\"The Grand Prix de Trois-Rivi\u00e8res: JF Dumoulin&#039;s most important race of the season! - Dumoulin Comp\u00e9tition\" \/>\n<meta property=\"og:description\" content=\"NASCAR Pinty&#039;s\u00a0Series, Eight round - Urban Track Layout - Grand Prix de Trois-Rivi\u00e8res - August 10 to 12, 2018\u00a0 Jean-Fran\u00e7ois Dumoulin and his\" \/>\n<meta property=\"og:url\" content=\"https:\/\/dumoulincompetition.com\/en\/news\/the-grand-prix-de-trois-rivieres-jf-dumoulins-most-important-race-of-the-season\/\" \/>\n<meta property=\"og:site_name\" content=\"Dumoulin Comp\u00e9tition\" \/>\n<meta property=\"article:published_time\" content=\"2018-08-07T04:00:00+00:00\" \/>\n<meta property=\"og:image\" content=\"https:\/\/dumoulincompetition.com\/wp-content\/uploads\/2024\/12\/icone-nouvelle_jf-dumoulin-photo-matthew-manor-cscg-20180807210804.jpg\" \/>\n\t<meta property=\"og:image:width\" content=\"1199\" \/>\n\t<meta property=\"og:image:height\" content=\"798\" \/>\n\t<meta property=\"og:image:type\" content=\"image\/jpeg\" \/>\n<meta name=\"author\" content=\"adncomm\" \/>\n<meta name=\"twitter:card\" content=\"summary_large_image\" \/>\n<meta name=\"twitter:label1\" content=\"Written by\" \/>\n\t<meta name=\"twitter:data1\" content=\"adncomm\" \/>\n\t<meta name=\"twitter:label2\" content=\"Est. reading time\" \/>\n\t<meta name=\"twitter:data2\" content=\"6 minutes\" \/>\n<script type=\"application\/ld+json\" class=\"yoast-schema-graph\">{\"@context\":\"https:\\\/\\\/schema.org\",\"@graph\":[{\"@type\":\"Article\",\"@id\":\"https:\\\/\\\/dumoulincompetition.com\\\/en\\\/news\\\/the-grand-prix-de-trois-rivieres-jf-dumoulins-most-important-race-of-the-season\\\/#article\",\"isPartOf\":{\"@id\":\"https:\\\/\\\/dumoulincompetition.com\\\/en\\\/news\\\/the-grand-prix-de-trois-rivieres-jf-dumoulins-most-important-race-of-the-season\\\/\"},\"author\":{\"name\":\"adncomm\",\"@id\":\"https:\\\/\\\/dumoulincompetition.com\\\/#\\\/schema\\\/person\\\/cb844eecab0c6a2d36c56c413e56177c\"},\"headline\":\"The Grand Prix de Trois-Rivi\u00e8res: JF Dumoulin&#8217;s most important race of the season!\",\"datePublished\":\"2018-08-07T04:00:00+00:00\",\"mainEntityOfPage\":{\"@id\":\"https:\\\/\\\/dumoulincompetition.com\\\/en\\\/news\\\/the-grand-prix-de-trois-rivieres-jf-dumoulins-most-important-race-of-the-season\\\/\"},\"wordCount\":1242,\"image\":{\"@id\":\"https:\\\/\\\/dumoulincompetition.com\\\/en\\\/news\\\/the-grand-prix-de-trois-rivieres-jf-dumoulins-most-important-race-of-the-season\\\/#primaryimage\"},\"thumbnailUrl\":\"https:\\\/\\\/dumoulincompetition.com\\\/wp-content\\\/uploads\\\/2024\\\/12\\\/icone-nouvelle_jf-dumoulin-photo-matthew-manor-cscg-20180807210804.jpg\",\"articleSection\":[\"News\"],\"inLanguage\":\"en-US\"},{\"@type\":\"WebPage\",\"@id\":\"https:\\\/\\\/dumoulincompetition.com\\\/en\\\/news\\\/the-grand-prix-de-trois-rivieres-jf-dumoulins-most-important-race-of-the-season\\\/\",\"url\":\"https:\\\/\\\/dumoulincompetition.com\\\/en\\\/news\\\/the-grand-prix-de-trois-rivieres-jf-dumoulins-most-important-race-of-the-season\\\/\",\"name\":\"The Grand Prix de Trois-Rivi\u00e8res: JF Dumoulin's most important race of the season! - Dumoulin Comp\u00e9tition\",\"isPartOf\":{\"@id\":\"https:\\\/\\\/dumoulincompetition.com\\\/#website\"},\"primaryImageOfPage\":{\"@id\":\"https:\\\/\\\/dumoulincompetition.com\\\/en\\\/news\\\/the-grand-prix-de-trois-rivieres-jf-dumoulins-most-important-race-of-the-season\\\/#primaryimage\"},\"image\":{\"@id\":\"https:\\\/\\\/dumoulincompetition.com\\\/en\\\/news\\\/the-grand-prix-de-trois-rivieres-jf-dumoulins-most-important-race-of-the-season\\\/#primaryimage\"},\"thumbnailUrl\":\"https:\\\/\\\/dumoulincompetition.com\\\/wp-content\\\/uploads\\\/2024\\\/12\\\/icone-nouvelle_jf-dumoulin-photo-matthew-manor-cscg-20180807210804.jpg\",\"datePublished\":\"2018-08-07T04:00:00+00:00\",\"author\":{\"@id\":\"https:\\\/\\\/dumoulincompetition.com\\\/#\\\/schema\\\/person\\\/cb844eecab0c6a2d36c56c413e56177c\"},\"description\":\"NASCAR Pinty's\u00a0Series, Eight round - Urban Track Layout - Grand Prix de Trois-Rivi\u00e8res - August 10 to 12, 2018\u00a0 Jean-Fran\u00e7ois Dumoulin and his\",\"breadcrumb\":{\"@id\":\"https:\\\/\\\/dumoulincompetition.com\\\/en\\\/news\\\/the-grand-prix-de-trois-rivieres-jf-dumoulins-most-important-race-of-the-season\\\/#breadcrumb\"},\"inLanguage\":\"en-US\",\"potentialAction\":[{\"@type\":\"ReadAction\",\"target\":[\"https:\\\/\\\/dumoulincompetition.com\\\/en\\\/news\\\/the-grand-prix-de-trois-rivieres-jf-dumoulins-most-important-race-of-the-season\\\/\"]}]},{\"@type\":\"ImageObject\",\"inLanguage\":\"en-US\",\"@id\":\"https:\\\/\\\/dumoulincompetition.com\\\/en\\\/news\\\/the-grand-prix-de-trois-rivieres-jf-dumoulins-most-important-race-of-the-season\\\/#primaryimage\",\"url\":\"https:\\\/\\\/dumoulincompetition.com\\\/wp-content\\\/uploads\\\/2024\\\/12\\\/icone-nouvelle_jf-dumoulin-photo-matthew-manor-cscg-20180807210804.jpg\",\"contentUrl\":\"https:\\\/\\\/dumoulincompetition.com\\\/wp-content\\\/uploads\\\/2024\\\/12\\\/icone-nouvelle_jf-dumoulin-photo-matthew-manor-cscg-20180807210804.jpg\",\"width\":1199,\"height\":798},{\"@type\":\"BreadcrumbList\",\"@id\":\"https:\\\/\\\/dumoulincompetition.com\\\/en\\\/news\\\/the-grand-prix-de-trois-rivieres-jf-dumoulins-most-important-race-of-the-season\\\/#breadcrumb\",\"itemListElement\":[{\"@type\":\"ListItem\",\"position\":1,\"name\":\"Accueil\",\"item\":\"https:\\\/\\\/dumoulincompetition.com\\\/\"},{\"@type\":\"ListItem\",\"position\":2,\"name\":\"The Grand Prix de Trois-Rivi\u00e8res: JF Dumoulin&#8217;s most important race of the season!\"}]},{\"@type\":\"WebSite\",\"@id\":\"https:\\\/\\\/dumoulincompetition.com\\\/#website\",\"url\":\"https:\\\/\\\/dumoulincompetition.com\\\/\",\"name\":\"Dumoulin Comp\u00e9tition\",\"description\":\"Pilotes Automobiles Professionnels\",\"potentialAction\":[{\"@type\":\"SearchAction\",\"target\":{\"@type\":\"EntryPoint\",\"urlTemplate\":\"https:\\\/\\\/dumoulincompetition.com\\\/?s={search_term_string}\"},\"query-input\":{\"@type\":\"PropertyValueSpecification\",\"valueRequired\":true,\"valueName\":\"search_term_string\"}}],\"inLanguage\":\"en-US\"},{\"@type\":\"Person\",\"@id\":\"https:\\\/\\\/dumoulincompetition.com\\\/#\\\/schema\\\/person\\\/cb844eecab0c6a2d36c56c413e56177c\",\"name\":\"adncomm\",\"image\":{\"@type\":\"ImageObject\",\"inLanguage\":\"en-US\",\"@id\":\"https:\\\/\\\/secure.gravatar.com\\\/avatar\\\/4c46d75e602db26ed3787ff93c2a8cc136c5a9a355aaba993c41a012b8b68240?s=96&d=mm&r=g\",\"url\":\"https:\\\/\\\/secure.gravatar.com\\\/avatar\\\/4c46d75e602db26ed3787ff93c2a8cc136c5a9a355aaba993c41a012b8b68240?s=96&d=mm&r=g\",\"contentUrl\":\"https:\\\/\\\/secure.gravatar.com\\\/avatar\\\/4c46d75e602db26ed3787ff93c2a8cc136c5a9a355aaba993c41a012b8b68240?s=96&d=mm&r=g\",\"caption\":\"adncomm\"},\"sameAs\":[\"https:\\\/\\\/dumoulincompetition.com\"]}]}<\/script>\n<!-- \/ Yoast SEO plugin. -->","yoast_head_json":{"title":"The Grand Prix de Trois-Rivi\u00e8res: JF Dumoulin's most important race of the season! - Dumoulin Comp\u00e9tition","description":"NASCAR Pinty's\u00a0Series, Eight round - Urban Track Layout - Grand Prix de Trois-Rivi\u00e8res - August 10 to 12, 2018\u00a0 Jean-Fran\u00e7ois Dumoulin and his","robots":{"index":"index","follow":"follow","max-snippet":"max-snippet:-1","max-image-preview":"max-image-preview:large","max-video-preview":"max-video-preview:-1"},"canonical":"https:\/\/dumoulincompetition.com\/en\/news\/the-grand-prix-de-trois-rivieres-jf-dumoulins-most-important-race-of-the-season\/","og_locale":"en_US","og_type":"article","og_title":"The Grand Prix de Trois-Rivi\u00e8res: JF Dumoulin's most important race of the season! - Dumoulin Comp\u00e9tition","og_description":"NASCAR Pinty's\u00a0Series, Eight round - Urban Track Layout - Grand Prix de Trois-Rivi\u00e8res - August 10 to 12, 2018\u00a0 Jean-Fran\u00e7ois Dumoulin and his","og_url":"https:\/\/dumoulincompetition.com\/en\/news\/the-grand-prix-de-trois-rivieres-jf-dumoulins-most-important-race-of-the-season\/","og_site_name":"Dumoulin Comp\u00e9tition","article_published_time":"2018-08-07T04:00:00+00:00","og_image":[{"width":1199,"height":798,"url":"https:\/\/dumoulincompetition.com\/wp-content\/uploads\/2024\/12\/icone-nouvelle_jf-dumoulin-photo-matthew-manor-cscg-20180807210804.jpg","type":"image\/jpeg"}],"author":"adncomm","twitter_card":"summary_large_image","twitter_misc":{"Written by":"adncomm","Est. reading time":"6 minutes"},"schema":{"@context":"https:\/\/schema.org","@graph":[{"@type":"Article","@id":"https:\/\/dumoulincompetition.com\/en\/news\/the-grand-prix-de-trois-rivieres-jf-dumoulins-most-important-race-of-the-season\/#article","isPartOf":{"@id":"https:\/\/dumoulincompetition.com\/en\/news\/the-grand-prix-de-trois-rivieres-jf-dumoulins-most-important-race-of-the-season\/"},"author":{"name":"adncomm","@id":"https:\/\/dumoulincompetition.com\/#\/schema\/person\/cb844eecab0c6a2d36c56c413e56177c"},"headline":"The Grand Prix de Trois-Rivi\u00e8res: JF Dumoulin&#8217;s most important race of the season!","datePublished":"2018-08-07T04:00:00+00:00","mainEntityOfPage":{"@id":"https:\/\/dumoulincompetition.com\/en\/news\/the-grand-prix-de-trois-rivieres-jf-dumoulins-most-important-race-of-the-season\/"},"wordCount":1242,"image":{"@id":"https:\/\/dumoulincompetition.com\/en\/news\/the-grand-prix-de-trois-rivieres-jf-dumoulins-most-important-race-of-the-season\/#primaryimage"},"thumbnailUrl":"https:\/\/dumoulincompetition.com\/wp-content\/uploads\/2024\/12\/icone-nouvelle_jf-dumoulin-photo-matthew-manor-cscg-20180807210804.jpg","articleSection":["News"],"inLanguage":"en-US"},{"@type":"WebPage","@id":"https:\/\/dumoulincompetition.com\/en\/news\/the-grand-prix-de-trois-rivieres-jf-dumoulins-most-important-race-of-the-season\/","url":"https:\/\/dumoulincompetition.com\/en\/news\/the-grand-prix-de-trois-rivieres-jf-dumoulins-most-important-race-of-the-season\/","name":"The Grand Prix de Trois-Rivi\u00e8res: JF Dumoulin's most important race of the season! - Dumoulin Comp\u00e9tition","isPartOf":{"@id":"https:\/\/dumoulincompetition.com\/#website"},"primaryImageOfPage":{"@id":"https:\/\/dumoulincompetition.com\/en\/news\/the-grand-prix-de-trois-rivieres-jf-dumoulins-most-important-race-of-the-season\/#primaryimage"},"image":{"@id":"https:\/\/dumoulincompetition.com\/en\/news\/the-grand-prix-de-trois-rivieres-jf-dumoulins-most-important-race-of-the-season\/#primaryimage"},"thumbnailUrl":"https:\/\/dumoulincompetition.com\/wp-content\/uploads\/2024\/12\/icone-nouvelle_jf-dumoulin-photo-matthew-manor-cscg-20180807210804.jpg","datePublished":"2018-08-07T04:00:00+00:00","author":{"@id":"https:\/\/dumoulincompetition.com\/#\/schema\/person\/cb844eecab0c6a2d36c56c413e56177c"},"description":"NASCAR Pinty's\u00a0Series, Eight round - Urban Track Layout - Grand Prix de Trois-Rivi\u00e8res - August 10 to 12, 2018\u00a0 Jean-Fran\u00e7ois Dumoulin and his","breadcrumb":{"@id":"https:\/\/dumoulincompetition.com\/en\/news\/the-grand-prix-de-trois-rivieres-jf-dumoulins-most-important-race-of-the-season\/#breadcrumb"},"inLanguage":"en-US","potentialAction":[{"@type":"ReadAction","target":["https:\/\/dumoulincompetition.com\/en\/news\/the-grand-prix-de-trois-rivieres-jf-dumoulins-most-important-race-of-the-season\/"]}]},{"@type":"ImageObject","inLanguage":"en-US","@id":"https:\/\/dumoulincompetition.com\/en\/news\/the-grand-prix-de-trois-rivieres-jf-dumoulins-most-important-race-of-the-season\/#primaryimage","url":"https:\/\/dumoulincompetition.com\/wp-content\/uploads\/2024\/12\/icone-nouvelle_jf-dumoulin-photo-matthew-manor-cscg-20180807210804.jpg","contentUrl":"https:\/\/dumoulincompetition.com\/wp-content\/uploads\/2024\/12\/icone-nouvelle_jf-dumoulin-photo-matthew-manor-cscg-20180807210804.jpg","width":1199,"height":798},{"@type":"BreadcrumbList","@id":"https:\/\/dumoulincompetition.com\/en\/news\/the-grand-prix-de-trois-rivieres-jf-dumoulins-most-important-race-of-the-season\/#breadcrumb","itemListElement":[{"@type":"ListItem","position":1,"name":"Accueil","item":"https:\/\/dumoulincompetition.com\/"},{"@type":"ListItem","position":2,"name":"The Grand Prix de Trois-Rivi\u00e8res: JF Dumoulin&#8217;s most important race of the season!"}]},{"@type":"WebSite","@id":"https:\/\/dumoulincompetition.com\/#website","url":"https:\/\/dumoulincompetition.com\/","name":"Dumoulin Comp\u00e9tition","description":"Pilotes Automobiles Professionnels","potentialAction":[{"@type":"SearchAction","target":{"@type":"EntryPoint","urlTemplate":"https:\/\/dumoulincompetition.com\/?s={search_term_string}"},"query-input":{"@type":"PropertyValueSpecification","valueRequired":true,"valueName":"search_term_string"}}],"inLanguage":"en-US"},{"@type":"Person","@id":"https:\/\/dumoulincompetition.com\/#\/schema\/person\/cb844eecab0c6a2d36c56c413e56177c","name":"adncomm","image":{"@type":"ImageObject","inLanguage":"en-US","@id":"https:\/\/secure.gravatar.com\/avatar\/4c46d75e602db26ed3787ff93c2a8cc136c5a9a355aaba993c41a012b8b68240?s=96&d=mm&r=g","url":"https:\/\/secure.gravatar.com\/avatar\/4c46d75e602db26ed3787ff93c2a8cc136c5a9a355aaba993c41a012b8b68240?s=96&d=mm&r=g","contentUrl":"https:\/\/secure.gravatar.com\/avatar\/4c46d75e602db26ed3787ff93c2a8cc136c5a9a355aaba993c41a012b8b68240?s=96&d=mm&r=g","caption":"adncomm"},"sameAs":["https:\/\/dumoulincompetition.com"]}]}},"_links":{"self":[{"href":"https:\/\/dumoulincompetition.com\/en\/wp-json\/wp\/v2\/posts\/3148","targetHints":{"allow":["GET"]}}],"collection":[{"href":"https:\/\/dumoulincompetition.com\/en\/wp-json\/wp\/v2\/posts"}],"about":[{"href":"https:\/\/dumoulincompetition.com\/en\/wp-json\/wp\/v2\/types\/post"}],"author":[{"embeddable":true,"href":"https:\/\/dumoulincompetition.com\/en\/wp-json\/wp\/v2\/users\/1"}],"replies":[{"embeddable":true,"href":"https:\/\/dumoulincompetition.com\/en\/wp-json\/wp\/v2\/comments?post=3148"}],"version-history":[{"count":0,"href":"https:\/\/dumoulincompetition.com\/en\/wp-json\/wp\/v2\/posts\/3148\/revisions"}],"wp:featuredmedia":[{"embeddable":true,"href":"https:\/\/dumoulincompetition.com\/en\/wp-json\/wp\/v2\/media\/2558"}],"wp:attachment":[{"href":"https:\/\/dumoulincompetition.com\/en\/wp-json\/wp\/v2\/media?parent=3148"}],"wp:term":[{"taxonomy":"category","embeddable":true,"href":"https:\/\/dumoulincompetition.com\/en\/wp-json\/wp\/v2\/categories?post=3148"},{"taxonomy":"post_tag","embeddable":true,"href":"https:\/\/dumoulincompetition.com\/en\/wp-json\/wp\/v2\/tags?post=3148"}],"curies":[{"name":"wp","href":"https:\/\/api.w.org\/{rel}","templated":true}]}}