{"id":3154,"date":"2018-07-15T00:00:00","date_gmt":"2018-07-15T04:00:00","guid":{"rendered":"https:\/\/dumoulincompetition.com\/podium-finish-for-jean-francois-dumoulin\/"},"modified":"2018-07-15T00:00:00","modified_gmt":"2018-07-15T04:00:00","slug":"podium-finish-for-jean-francois-dumoulin","status":"publish","type":"post","link":"https:\/\/dumoulincompetition.com\/en\/news\/podium-finish-for-jean-francois-dumoulin\/","title":{"rendered":"Podium finish for Jean-Fran\u00e7ois Dumoulin"},"content":{"rendered":"<p style=\"text-align: center;\"><strong>NASCAR Pinty&#8217;s\u00a0Series, Fourth round \u2013 Urban Track Layout\u2013 Honda Indy Toronto\u00a0<br \/><\/strong><strong>July 13 and 14, 2018<\/strong><\/p>\n<p>Jean-Fran\u00e7ois Dumoulin and his #04\u00a0<strong>Spectra\u00a0Premium<\/strong> | Bernier Cr\u00e9peau Chrysler Fiat | Groupe Bellemare | MIA teammates went all in to achieve their podium finish: determination, performance and passion could almost be felt throughout the Pinty&#8217;s Grand Prix of Toronto. Starting from sixth on the grid, the Quebec driver never let any one of his competitors get by. Jean-Fran\u00e7ois Dumoulin even got up to second place at the green-white-checkered restart that ended the race on lap 36, and fighting off strong attacks to end up third overall. Dumoulin Comp\u00e9tition totals three podium finishes after four races so far in 2018, using the <strong>Spectra Premium<\/strong> high-performance radiator.<\/p>\n<p>The team set the car up for the first testing session using the settings from the 2017 race here, on the newly repaved track over most of its length. We then proceeded to fine tune the main settings (Toe-in, caster, camber, and cross weight). &#8220;The changes all workd and we ended up with a very quick and efficient #04\u00a0<strong>Spectra\u00a0Premium<\/strong> | Bernier Cr\u00e9peau Chrysler Fiat | Groupe Bellemare | MIA race car&#8221;, according to Jean-Francois Dumoulin after the session.<\/p>\n<p>The podium finish came about thanks to the growing synergy within the team, from dedicated individuals who always believed in the team&#8217;s potential. &#8220;We have been expecting this one for a while&#8221; according to Jean-Fran\u00e7ois Dumoulin. &#8220;I fought off the #59 for most of the race. We were quicker than him and I finally got by him cleanly on lap 29.&#8221; The driver of the #04\u00a0<strong>Spectra\u00a0Premium<\/strong> | Bernier Cr\u00e9peau Chrysler Fiat | Groupe Bellemare | MIA car always finishes races with a strong push. &#8220;I seem to always get the best out of old tires, happily for me as the other guys are trying to cope with worn out tires and brakes.&#8221; Jean-Fran\u00e7ois Dumoulin fought off the attacks over the four restarts, especially the last one when things got very physical as he worked to protect his podium finish.<\/p>\n<p><strong>Western Canada Tour, July 25<sup>th<\/sup> and 28<sup>th<\/sup><\/strong><\/p>\n<p>Jean-Fran\u00e7ois Dumoulin and the #04\u00a0<strong>Spectra\u00a0Premium<\/strong> | Bernier Cr\u00e9peau Chrysler Fiat | Groupe Bellemare | MIA team will unfortunately not take part in this year&#8217;s western swing due to previous commitments. This decision was taken in accord with principal partner <strong>Spectra Premium<\/strong>, to allow the team and driver to concentrate on their home race, the upcoming Grand Prix de Trois-Rivi\u00e8res (August 10<sup>th<\/sup> to 12<sup>th<\/sup>). This work will include the preparation of a #07 <strong>Spectra\u00a0Premium<\/strong>, a second car on the team for visiting driver Fr\u00e9d\u00e9ric Gabillon, a participant in the NASCAR Whelen Euro Series who will become Jean-Fran\u00e7ois Dumoulin&#8217;s teammate for this major event.<\/p>\n<ul>\n<li><strong>Results<\/strong>: <a href=\"https:\/\/hometracks.nascar.com\/international\/pintys-series\/race-central-live-2018-nascar-pintys-series\/\">https:\/\/hometracks.nascar.com\/international\/pintys-series\/race-central-live-2018-nascar-pintys-series\/<\/a><\/li>\n<li>The race will be <strong>broadcast<\/strong> on <strong>TSN<\/strong> on Sunday July 21<sup>st<\/sup> at 2:30 p.m. and on <strong>RDS<\/strong> on Tuesday July 31<sup>st<\/sup> at 10:30 p.m.<\/li>\n<\/ul>\n<p><strong>LET&#8217;S GET TOGETHER!<\/strong><\/p>\n<p>&#8220;The race against cancer&#8221; continues! Thanks to the generous contribution of Jason Best, Senior Vice President, After Market at <strong>Spectra Premium<\/strong>, the amount raised so far for our &#8220;Grand D\u00e9foulement&#8221; to the benefit of the Quebec Cancer Foundation is $ 3,365.00. It&#8217;s a rendezvous for the next race of the season in Western Canada.\u00a0<strong>To make a donation online<\/strong>: <a href=\"http:\/\/www.lacoursecontrelecancer.ca\">lacoursecontrelecancer.ca<\/a><\/p>\n<p><strong>The Dumoulin Corner: 49 years of history for you to relive<\/strong><\/p>\n<p><strong>The Historic Moment #3 <\/strong>was posted on the Dumoulin Competition Facebook site on July 5: <strong>Podium!\u00a0<\/strong><strong>&#8220;Retour en 2012,&#8221;<\/strong> a picture of the fire suit worn by Louis-Philippe Dumoulin at a very special event\u2026 <strong>Check out our team Facebook for all the details, at <\/strong><a href=\"http:\/\/www.facebook.com\/dumoulincompetition\">facebook.com\/dumoulincompetition<\/a>\u00a0<\/p>\n<p style=\"text-align: center;\"><strong>&#8220;<\/strong><strong>Passion \u2013 Performance \u2013 Partnerships&#8221;<\/strong><\/p>\n<p style=\"text-align: left;\"><strong>ABOUT PARTNERS<\/strong><\/p>\n<p><strong>Spectra Premium Industries<\/strong> is a privately held company headquartered in Boucherville, Quebec, Canada. Spectra Premium is a team of more than 1,300 dedicated employees that specializes in auto parts manufacturing and distribution. The Company owns and operates four manufacturing plants and 17 warehouses. With its international distribution networks and unparalleled customer and after sales service, Spectra Premium is the automobile manufacturers&#8217;, auto technicians&#8217; and handymen&#8217;s choice for reliable, quality parts and automotive systems. Trust your vehicle to Spectra Premium (spectrapremium.com).<\/p>\n<p><strong>Bernier Crepeau Chrysler Fiat<\/strong>: With 25 years of experience, the family business has built an enviable reputation in the field of vehicle acquisition. If the future of this company is linked to the loyalty of its customers, it is also held by the reliability and strong communication of its team. This team is at your disposal, ready to listen to you, to hear you. Passion, care, and determination. A team willing to go the extra mile, with its ears wide open (berniercrepeau.com).<\/p>\n<p><strong>Groupe Bellemare<\/strong>: Competitive and dynamic, Thomas Bellemare&#8217;s innovative and growing family team is ready to take on any challenge. With support from senior members and a qualified team of managers, the third-generation Bellemares are reaching new heights. Built upon a solid past, the company moves forward with an exceptional team of experts and seeks a select group of clients. Our clients continue to benefit from our wide variety of services that target a large number of sectors. As a result, our visibility is constantly on the rise. Working with the Bellemare team has become a measure of success. Start off right by choosing a winning team! (groupebellemare.com).<\/p>\n<p><strong>MIA \u2013 Motorsports In Action<\/strong>: With over 50 syears of combined Motorsport experience, MIA is making a name for itself in the industry in &#8220;La Belle Province&#8221;. Being trackside, situated at Autodrome St-Eustache, gives our clients &#8220;real time&#8221; results, testing their vehicles. One stop shopping is our strength, from high-end mechanics, exotic automotive maintenance, complete race car building and design to prestige paint and meticulous detailing. &#8220;Leave it, then enjoy it!&#8221; (motorsportsinaction.com).<\/p>\n<p><strong>Trois-Rivi\u00e8res Mitsubishi<\/strong>\u00a0is proud to be one of the first Mitsubishi dealers in Canada (opening in 2002). The commitment from Mitsubishi is defined by the quality, reliability and durability of its vehicles, notably with their 10-year warranty, the best in the industry! Pride, integrity and respect are the values of the Trois-Rivi\u00e8res Mitsubishi team (troisrivieresmitsubishi.com).<\/p>\n<p style=\"text-align: center;\"><strong>Summary \u2013 Highlights in Jean-Fran\u00e7ois Dumoulin&#8217;s career<\/strong><\/p>\n<ul>\n<li>First\u00a0<strong>podium<\/strong>in the NASCAR Canadian Tire series on May 17, 2015 (3<sup>rd<\/sup>\u00a0place \u2013 Canadian Tire Motorsport Park);<\/li>\n<li>NASCAR Pinty&#8217;s Series Championship since 2015;<\/li>\n<li>The <strong>first Quebec-born<\/strong> driver <strong>to win twice<\/strong> the\u00a0<strong>Rolex 24 in Daytona<\/strong>; 2004 (SGS and 2007 (GT);<\/li>\n<li>Caught the attention of the <strong>renowned Player&#8217;s Driver Development Program<\/strong> scout\u00a0(Formula Ford and Formula Atlantic),\u00a0became one of the youngest driversever to be recruited, and was\u00a0touted as a strong contender for the championship title in Formula Ford (1996 and 1997 seasons);<\/li>\n<li>Champion of the\u00a0<strong>Grand-Am Continental Tire Sports Car Challenge GS<\/strong>, USA in 2003 (9 podiums);<\/li>\n<li>Champion of the\u00a0<strong>Grand-Am Continental Tire Sport Car Challenge ST<\/strong>, USA in 2002 (5 podiums);<\/li>\n<li>In Montreal&#8217;s 2009 edition of\u00a0<strong>NASCAR Nationwide<\/strong>, he finished his first race in 7<sup>th<\/sup>position aboard a badly damaged car and won the hearts of numerous fans and reporters;<\/li>\n<li>In 2000, he was the\u00a0<strong>Motorola Cup Series Vice-Champion<\/strong>,\u00a0during a season that included\u00a0a\u00a0<strong>1<sup>st<\/sup>place\u00a0podium finish after having begun the race in 52<sup>nd<\/sup>\u00a0position\u00a0<\/strong>at the\u00a0<strong>Molson Indy event in Ontario, <\/strong>Canada.<\/li>\n<\/ul>\n<div style=\"text-align: center;\"><strong>THE MAIN CHARACTERISTICS OF THE <\/strong><\/div>\n<div style=\"text-align: center;\"><strong>SPECTRA PREMIUM HIGH-PERFORMANCE RADIATOR<\/strong><\/div>\n<ul>\n<li>All-aluminum construction, using optimally balanced material thickness to minimize weight;<\/li>\n<li>Heavy gauge tubes for increased durability;<\/li>\n<li>In-tank or external oil cooler as required;<\/li>\n<li>Universal anchor points available for quicker installation and removal &#8211; no special tools required;<\/li>\n<li>Integrated lightweight fan brackets available to provide a secure mounting point that fits a wide range of electric fans;<\/li>\n<li>Universal connection ports allow a variety of coolant hose adaptors to be used.<\/li>\n<\/ul>\n<p><strong>WEBSITES :<\/strong><\/p>\n<ul>\n<li><strong>Spectra Premium\u00a0Industries: <a href=\"http:\/\/www.spectrapremium.com\/apres_marche.html\">spectrapremium.com<\/a><\/strong><\/li>\n<li>Bernier Cr\u00e9peau Chrysler Fiat: <a href=\"https:\/\/www.berniercrepeau.com\/\">berniercrepeau.com<\/a><\/li>\n<li>Groupe Bellemare: <a href=\"http:\/\/groupebellemare.com\/\">groupebellemare.com<\/a><\/li>\n<li>MIA &#8211; Motorsports In Action: <a href=\"https:\/\/www.motorsportsinaction.com\/\">motorsportsinaction.com<\/a><\/li>\n<li>Trois-Rivi\u00e8res Mitsubishi: <a href=\"http:\/\/www.troisrivieresmitsubishi.ca\/?lng=3\">troisrivieresmitsubishi.ca<\/a><\/li>\n<li>Quebec Cancer Foundation: <a href=\"https:\/\/fqc.qc.ca\/fr\">fqc.qc.ca<\/a><\/li>\n<li>Gilles-Villeneuve Museum: <a href=\"http:\/\/www.museegillesvilleneuve.com\/\">museegillesvilleneuve.com<\/a><\/li>\n<li>Honda Indy Toronto: <a href=\"http:\/\/hondaindy.com\/\">hondaindy.com<\/a><\/li>\n<li>Grand Prix de Trois-Rivi\u00e8res\u00a0: <a href=\"\/gp3r.com\">gp3r.com<\/a><\/li>\n<li>Dumoulin Comp\u00e9tition: <a href=\"https:\/\/www.dumoulincompetition.com\/\">dumoulincompetition.com<\/a><\/li>\n<li>NASCAR Pinty&#8217;s Series: <a href=\"https:\/\/hometracks.nascar.com\/international\/pintys-series\/\">hometracks.nascar.com\/series\/pintys-series<\/a><\/li>\n<li>Facebook:\u00a0facebook.com\/dumoulincompetition<\/li>\n<li>Twitter: @DumoulinDC \/ @jf_dumoulin \/ @DumoulinLP<\/li>\n<li>Youtube:\u00a0youtube.com\/user\/dumoulincompetition<\/li>\n<li>Instagram: @dumoulincompetition<\/li>\n<\/ul>\n<p><strong>\u00a0<\/strong><\/p>\n","protected":false},"excerpt":{"rendered":"<p>NASCAR Pinty&#8217;s\u00a0Series, Fourth round \u2013 Urban Track Layout\u2013 Honda Indy Toronto\u00a0July 13 and 14, 2018 Jean-Fran\u00e7ois Dumoulin and his #04\u00a0Spectra\u00a0Premium [&hellip;]<\/p>\n","protected":false},"author":1,"featured_media":2576,"comment_status":"closed","ping_status":"closed","sticky":false,"template":"","format":"standard","meta":{"_acf_changed":false,"site-sidebar-layout":"default","site-content-layout":"","ast-site-content-layout":"default","site-content-style":"default","site-sidebar-style":"default","ast-global-header-display":"","ast-banner-title-visibility":"","ast-main-header-display":"","ast-hfb-above-header-display":"","ast-hfb-below-header-display":"","ast-hfb-mobile-header-display":"","site-post-title":"","ast-breadcrumbs-content":"","ast-featured-img":"","footer-sml-layout":"","ast-disable-related-posts":"","theme-transparent-header-meta":"","adv-header-id-meta":"","stick-header-meta":"","header-above-stick-meta":"","header-main-stick-meta":"","header-below-stick-meta":"","astra-migrate-meta-layouts":"default","ast-page-background-enabled":"default","ast-page-background-meta":{"desktop":{"background-color":"var(--ast-global-color-4)","background-image":"","background-repeat":"repeat","background-position":"center center","background-size":"auto","background-attachment":"scroll","background-type":"","background-media":"","overlay-type":"","overlay-color":"","overlay-opacity":"","overlay-gradient":""},"tablet":{"background-color":"","background-image":"","background-repeat":"repeat","background-position":"center center","background-size":"auto","background-attachment":"scroll","background-type":"","background-media":"","overlay-type":"","overlay-color":"","overlay-opacity":"","overlay-gradient":""},"mobile":{"background-color":"","background-image":"","background-repeat":"repeat","background-position":"center center","background-size":"auto","background-attachment":"scroll","background-type":"","background-media":"","overlay-type":"","overlay-color":"","overlay-opacity":"","overlay-gradient":""}},"ast-content-background-meta":{"desktop":{"background-color":"var(--ast-global-color-5)","background-image":"","background-repeat":"repeat","background-position":"center center","background-size":"auto","background-attachment":"scroll","background-type":"","background-media":"","overlay-type":"","overlay-color":"","overlay-opacity":"","overlay-gradient":""},"tablet":{"background-color":"var(--ast-global-color-5)","background-image":"","background-repeat":"repeat","background-position":"center center","background-size":"auto","background-attachment":"scroll","background-type":"","background-media":"","overlay-type":"","overlay-color":"","overlay-opacity":"","overlay-gradient":""},"mobile":{"background-color":"var(--ast-global-color-5)","background-image":"","background-repeat":"repeat","background-position":"center center","background-size":"auto","background-attachment":"scroll","background-type":"","background-media":"","overlay-type":"","overlay-color":"","overlay-opacity":"","overlay-gradient":""}},"footnotes":""},"categories":[38],"tags":[],"class_list":["post-3154","post","type-post","status-publish","format-standard","has-post-thumbnail","hentry","category-news"],"acf":[],"yoast_head":"<!-- This site is optimized with the Yoast SEO plugin v27.5 - https:\/\/yoast.com\/product\/yoast-seo-wordpress\/ -->\n<title>Podium finish for Jean-Fran\u00e7ois Dumoulin - Dumoulin Comp\u00e9tition<\/title>\n<meta name=\"description\" content=\"NASCAR Pinty&#039;s\u00a0Series, Fourth round \u2013 Urban Track Layout\u2013 Honda Indy Toronto\u00a0July 13 and 14, 2018 Jean-Fran\u00e7ois Dumoulin and his #04\u00a0Spectra\u00a0Premium |\" \/>\n<meta name=\"robots\" content=\"index, follow, max-snippet:-1, max-image-preview:large, max-video-preview:-1\" \/>\n<link rel=\"canonical\" href=\"https:\/\/dumoulincompetition.com\/en\/news\/podium-finish-for-jean-francois-dumoulin\/\" \/>\n<meta property=\"og:locale\" content=\"en_US\" \/>\n<meta property=\"og:type\" content=\"article\" \/>\n<meta property=\"og:title\" content=\"Podium finish for Jean-Fran\u00e7ois Dumoulin - Dumoulin Comp\u00e9tition\" \/>\n<meta property=\"og:description\" content=\"NASCAR Pinty&#039;s\u00a0Series, Fourth round \u2013 Urban Track Layout\u2013 Honda Indy Toronto\u00a0July 13 and 14, 2018 Jean-Fran\u00e7ois Dumoulin and his #04\u00a0Spectra\u00a0Premium |\" \/>\n<meta property=\"og:url\" content=\"https:\/\/dumoulincompetition.com\/en\/news\/podium-finish-for-jean-francois-dumoulin\/\" \/>\n<meta property=\"og:site_name\" content=\"Dumoulin Comp\u00e9tition\" \/>\n<meta property=\"article:published_time\" content=\"2018-07-15T04:00:00+00:00\" \/>\n<meta property=\"og:image\" content=\"https:\/\/dumoulincompetition.com\/wp-content\/uploads\/2024\/12\/icone-nouvelle_20180714-podium-toronto-20180715083738.jpg\" \/>\n\t<meta property=\"og:image:width\" content=\"1199\" \/>\n\t<meta property=\"og:image:height\" content=\"1025\" \/>\n\t<meta property=\"og:image:type\" content=\"image\/jpeg\" \/>\n<meta name=\"author\" content=\"adncomm\" \/>\n<meta name=\"twitter:card\" content=\"summary_large_image\" \/>\n<meta name=\"twitter:label1\" content=\"Written by\" \/>\n\t<meta name=\"twitter:data1\" content=\"adncomm\" \/>\n\t<meta name=\"twitter:label2\" content=\"Est. reading time\" \/>\n\t<meta name=\"twitter:data2\" content=\"7 minutes\" \/>\n<script type=\"application\/ld+json\" class=\"yoast-schema-graph\">{\"@context\":\"https:\\\/\\\/schema.org\",\"@graph\":[{\"@type\":\"Article\",\"@id\":\"https:\\\/\\\/dumoulincompetition.com\\\/en\\\/news\\\/podium-finish-for-jean-francois-dumoulin\\\/#article\",\"isPartOf\":{\"@id\":\"https:\\\/\\\/dumoulincompetition.com\\\/en\\\/news\\\/podium-finish-for-jean-francois-dumoulin\\\/\"},\"author\":{\"name\":\"adncomm\",\"@id\":\"https:\\\/\\\/dumoulincompetition.com\\\/#\\\/schema\\\/person\\\/cb844eecab0c6a2d36c56c413e56177c\"},\"headline\":\"Podium finish for Jean-Fran\u00e7ois Dumoulin\",\"datePublished\":\"2018-07-15T04:00:00+00:00\",\"mainEntityOfPage\":{\"@id\":\"https:\\\/\\\/dumoulincompetition.com\\\/en\\\/news\\\/podium-finish-for-jean-francois-dumoulin\\\/\"},\"wordCount\":1344,\"image\":{\"@id\":\"https:\\\/\\\/dumoulincompetition.com\\\/en\\\/news\\\/podium-finish-for-jean-francois-dumoulin\\\/#primaryimage\"},\"thumbnailUrl\":\"https:\\\/\\\/dumoulincompetition.com\\\/wp-content\\\/uploads\\\/2024\\\/12\\\/icone-nouvelle_20180714-podium-toronto-20180715083738.jpg\",\"articleSection\":[\"News\"],\"inLanguage\":\"en-US\"},{\"@type\":\"WebPage\",\"@id\":\"https:\\\/\\\/dumoulincompetition.com\\\/en\\\/news\\\/podium-finish-for-jean-francois-dumoulin\\\/\",\"url\":\"https:\\\/\\\/dumoulincompetition.com\\\/en\\\/news\\\/podium-finish-for-jean-francois-dumoulin\\\/\",\"name\":\"Podium finish for Jean-Fran\u00e7ois Dumoulin - Dumoulin Comp\u00e9tition\",\"isPartOf\":{\"@id\":\"https:\\\/\\\/dumoulincompetition.com\\\/#website\"},\"primaryImageOfPage\":{\"@id\":\"https:\\\/\\\/dumoulincompetition.com\\\/en\\\/news\\\/podium-finish-for-jean-francois-dumoulin\\\/#primaryimage\"},\"image\":{\"@id\":\"https:\\\/\\\/dumoulincompetition.com\\\/en\\\/news\\\/podium-finish-for-jean-francois-dumoulin\\\/#primaryimage\"},\"thumbnailUrl\":\"https:\\\/\\\/dumoulincompetition.com\\\/wp-content\\\/uploads\\\/2024\\\/12\\\/icone-nouvelle_20180714-podium-toronto-20180715083738.jpg\",\"datePublished\":\"2018-07-15T04:00:00+00:00\",\"author\":{\"@id\":\"https:\\\/\\\/dumoulincompetition.com\\\/#\\\/schema\\\/person\\\/cb844eecab0c6a2d36c56c413e56177c\"},\"description\":\"NASCAR Pinty's\u00a0Series, Fourth round \u2013 Urban Track Layout\u2013 Honda Indy Toronto\u00a0July 13 and 14, 2018 Jean-Fran\u00e7ois Dumoulin and his #04\u00a0Spectra\u00a0Premium |\",\"breadcrumb\":{\"@id\":\"https:\\\/\\\/dumoulincompetition.com\\\/en\\\/news\\\/podium-finish-for-jean-francois-dumoulin\\\/#breadcrumb\"},\"inLanguage\":\"en-US\",\"potentialAction\":[{\"@type\":\"ReadAction\",\"target\":[\"https:\\\/\\\/dumoulincompetition.com\\\/en\\\/news\\\/podium-finish-for-jean-francois-dumoulin\\\/\"]}]},{\"@type\":\"ImageObject\",\"inLanguage\":\"en-US\",\"@id\":\"https:\\\/\\\/dumoulincompetition.com\\\/en\\\/news\\\/podium-finish-for-jean-francois-dumoulin\\\/#primaryimage\",\"url\":\"https:\\\/\\\/dumoulincompetition.com\\\/wp-content\\\/uploads\\\/2024\\\/12\\\/icone-nouvelle_20180714-podium-toronto-20180715083738.jpg\",\"contentUrl\":\"https:\\\/\\\/dumoulincompetition.com\\\/wp-content\\\/uploads\\\/2024\\\/12\\\/icone-nouvelle_20180714-podium-toronto-20180715083738.jpg\",\"width\":1199,\"height\":1025},{\"@type\":\"BreadcrumbList\",\"@id\":\"https:\\\/\\\/dumoulincompetition.com\\\/en\\\/news\\\/podium-finish-for-jean-francois-dumoulin\\\/#breadcrumb\",\"itemListElement\":[{\"@type\":\"ListItem\",\"position\":1,\"name\":\"Accueil\",\"item\":\"https:\\\/\\\/dumoulincompetition.com\\\/\"},{\"@type\":\"ListItem\",\"position\":2,\"name\":\"Podium finish for Jean-Fran\u00e7ois Dumoulin\"}]},{\"@type\":\"WebSite\",\"@id\":\"https:\\\/\\\/dumoulincompetition.com\\\/#website\",\"url\":\"https:\\\/\\\/dumoulincompetition.com\\\/\",\"name\":\"Dumoulin Comp\u00e9tition\",\"description\":\"Pilotes Automobiles Professionnels\",\"potentialAction\":[{\"@type\":\"SearchAction\",\"target\":{\"@type\":\"EntryPoint\",\"urlTemplate\":\"https:\\\/\\\/dumoulincompetition.com\\\/?s={search_term_string}\"},\"query-input\":{\"@type\":\"PropertyValueSpecification\",\"valueRequired\":true,\"valueName\":\"search_term_string\"}}],\"inLanguage\":\"en-US\"},{\"@type\":\"Person\",\"@id\":\"https:\\\/\\\/dumoulincompetition.com\\\/#\\\/schema\\\/person\\\/cb844eecab0c6a2d36c56c413e56177c\",\"name\":\"adncomm\",\"image\":{\"@type\":\"ImageObject\",\"inLanguage\":\"en-US\",\"@id\":\"https:\\\/\\\/secure.gravatar.com\\\/avatar\\\/4c46d75e602db26ed3787ff93c2a8cc136c5a9a355aaba993c41a012b8b68240?s=96&d=mm&r=g\",\"url\":\"https:\\\/\\\/secure.gravatar.com\\\/avatar\\\/4c46d75e602db26ed3787ff93c2a8cc136c5a9a355aaba993c41a012b8b68240?s=96&d=mm&r=g\",\"contentUrl\":\"https:\\\/\\\/secure.gravatar.com\\\/avatar\\\/4c46d75e602db26ed3787ff93c2a8cc136c5a9a355aaba993c41a012b8b68240?s=96&d=mm&r=g\",\"caption\":\"adncomm\"},\"sameAs\":[\"https:\\\/\\\/dumoulincompetition.com\"]}]}<\/script>\n<!-- \/ Yoast SEO plugin. -->","yoast_head_json":{"title":"Podium finish for Jean-Fran\u00e7ois Dumoulin - Dumoulin Comp\u00e9tition","description":"NASCAR Pinty's\u00a0Series, Fourth round \u2013 Urban Track Layout\u2013 Honda Indy Toronto\u00a0July 13 and 14, 2018 Jean-Fran\u00e7ois Dumoulin and his #04\u00a0Spectra\u00a0Premium |","robots":{"index":"index","follow":"follow","max-snippet":"max-snippet:-1","max-image-preview":"max-image-preview:large","max-video-preview":"max-video-preview:-1"},"canonical":"https:\/\/dumoulincompetition.com\/en\/news\/podium-finish-for-jean-francois-dumoulin\/","og_locale":"en_US","og_type":"article","og_title":"Podium finish for Jean-Fran\u00e7ois Dumoulin - Dumoulin Comp\u00e9tition","og_description":"NASCAR Pinty's\u00a0Series, Fourth round \u2013 Urban Track Layout\u2013 Honda Indy Toronto\u00a0July 13 and 14, 2018 Jean-Fran\u00e7ois Dumoulin and his #04\u00a0Spectra\u00a0Premium |","og_url":"https:\/\/dumoulincompetition.com\/en\/news\/podium-finish-for-jean-francois-dumoulin\/","og_site_name":"Dumoulin Comp\u00e9tition","article_published_time":"2018-07-15T04:00:00+00:00","og_image":[{"width":1199,"height":1025,"url":"https:\/\/dumoulincompetition.com\/wp-content\/uploads\/2024\/12\/icone-nouvelle_20180714-podium-toronto-20180715083738.jpg","type":"image\/jpeg"}],"author":"adncomm","twitter_card":"summary_large_image","twitter_misc":{"Written by":"adncomm","Est. reading time":"7 minutes"},"schema":{"@context":"https:\/\/schema.org","@graph":[{"@type":"Article","@id":"https:\/\/dumoulincompetition.com\/en\/news\/podium-finish-for-jean-francois-dumoulin\/#article","isPartOf":{"@id":"https:\/\/dumoulincompetition.com\/en\/news\/podium-finish-for-jean-francois-dumoulin\/"},"author":{"name":"adncomm","@id":"https:\/\/dumoulincompetition.com\/#\/schema\/person\/cb844eecab0c6a2d36c56c413e56177c"},"headline":"Podium finish for Jean-Fran\u00e7ois Dumoulin","datePublished":"2018-07-15T04:00:00+00:00","mainEntityOfPage":{"@id":"https:\/\/dumoulincompetition.com\/en\/news\/podium-finish-for-jean-francois-dumoulin\/"},"wordCount":1344,"image":{"@id":"https:\/\/dumoulincompetition.com\/en\/news\/podium-finish-for-jean-francois-dumoulin\/#primaryimage"},"thumbnailUrl":"https:\/\/dumoulincompetition.com\/wp-content\/uploads\/2024\/12\/icone-nouvelle_20180714-podium-toronto-20180715083738.jpg","articleSection":["News"],"inLanguage":"en-US"},{"@type":"WebPage","@id":"https:\/\/dumoulincompetition.com\/en\/news\/podium-finish-for-jean-francois-dumoulin\/","url":"https:\/\/dumoulincompetition.com\/en\/news\/podium-finish-for-jean-francois-dumoulin\/","name":"Podium finish for Jean-Fran\u00e7ois Dumoulin - Dumoulin Comp\u00e9tition","isPartOf":{"@id":"https:\/\/dumoulincompetition.com\/#website"},"primaryImageOfPage":{"@id":"https:\/\/dumoulincompetition.com\/en\/news\/podium-finish-for-jean-francois-dumoulin\/#primaryimage"},"image":{"@id":"https:\/\/dumoulincompetition.com\/en\/news\/podium-finish-for-jean-francois-dumoulin\/#primaryimage"},"thumbnailUrl":"https:\/\/dumoulincompetition.com\/wp-content\/uploads\/2024\/12\/icone-nouvelle_20180714-podium-toronto-20180715083738.jpg","datePublished":"2018-07-15T04:00:00+00:00","author":{"@id":"https:\/\/dumoulincompetition.com\/#\/schema\/person\/cb844eecab0c6a2d36c56c413e56177c"},"description":"NASCAR Pinty's\u00a0Series, Fourth round \u2013 Urban Track Layout\u2013 Honda Indy Toronto\u00a0July 13 and 14, 2018 Jean-Fran\u00e7ois Dumoulin and his #04\u00a0Spectra\u00a0Premium |","breadcrumb":{"@id":"https:\/\/dumoulincompetition.com\/en\/news\/podium-finish-for-jean-francois-dumoulin\/#breadcrumb"},"inLanguage":"en-US","potentialAction":[{"@type":"ReadAction","target":["https:\/\/dumoulincompetition.com\/en\/news\/podium-finish-for-jean-francois-dumoulin\/"]}]},{"@type":"ImageObject","inLanguage":"en-US","@id":"https:\/\/dumoulincompetition.com\/en\/news\/podium-finish-for-jean-francois-dumoulin\/#primaryimage","url":"https:\/\/dumoulincompetition.com\/wp-content\/uploads\/2024\/12\/icone-nouvelle_20180714-podium-toronto-20180715083738.jpg","contentUrl":"https:\/\/dumoulincompetition.com\/wp-content\/uploads\/2024\/12\/icone-nouvelle_20180714-podium-toronto-20180715083738.jpg","width":1199,"height":1025},{"@type":"BreadcrumbList","@id":"https:\/\/dumoulincompetition.com\/en\/news\/podium-finish-for-jean-francois-dumoulin\/#breadcrumb","itemListElement":[{"@type":"ListItem","position":1,"name":"Accueil","item":"https:\/\/dumoulincompetition.com\/"},{"@type":"ListItem","position":2,"name":"Podium finish for Jean-Fran\u00e7ois Dumoulin"}]},{"@type":"WebSite","@id":"https:\/\/dumoulincompetition.com\/#website","url":"https:\/\/dumoulincompetition.com\/","name":"Dumoulin Comp\u00e9tition","description":"Pilotes Automobiles Professionnels","potentialAction":[{"@type":"SearchAction","target":{"@type":"EntryPoint","urlTemplate":"https:\/\/dumoulincompetition.com\/?s={search_term_string}"},"query-input":{"@type":"PropertyValueSpecification","valueRequired":true,"valueName":"search_term_string"}}],"inLanguage":"en-US"},{"@type":"Person","@id":"https:\/\/dumoulincompetition.com\/#\/schema\/person\/cb844eecab0c6a2d36c56c413e56177c","name":"adncomm","image":{"@type":"ImageObject","inLanguage":"en-US","@id":"https:\/\/secure.gravatar.com\/avatar\/4c46d75e602db26ed3787ff93c2a8cc136c5a9a355aaba993c41a012b8b68240?s=96&d=mm&r=g","url":"https:\/\/secure.gravatar.com\/avatar\/4c46d75e602db26ed3787ff93c2a8cc136c5a9a355aaba993c41a012b8b68240?s=96&d=mm&r=g","contentUrl":"https:\/\/secure.gravatar.com\/avatar\/4c46d75e602db26ed3787ff93c2a8cc136c5a9a355aaba993c41a012b8b68240?s=96&d=mm&r=g","caption":"adncomm"},"sameAs":["https:\/\/dumoulincompetition.com"]}]}},"_links":{"self":[{"href":"https:\/\/dumoulincompetition.com\/en\/wp-json\/wp\/v2\/posts\/3154","targetHints":{"allow":["GET"]}}],"collection":[{"href":"https:\/\/dumoulincompetition.com\/en\/wp-json\/wp\/v2\/posts"}],"about":[{"href":"https:\/\/dumoulincompetition.com\/en\/wp-json\/wp\/v2\/types\/post"}],"author":[{"embeddable":true,"href":"https:\/\/dumoulincompetition.com\/en\/wp-json\/wp\/v2\/users\/1"}],"replies":[{"embeddable":true,"href":"https:\/\/dumoulincompetition.com\/en\/wp-json\/wp\/v2\/comments?post=3154"}],"version-history":[{"count":0,"href":"https:\/\/dumoulincompetition.com\/en\/wp-json\/wp\/v2\/posts\/3154\/revisions"}],"wp:featuredmedia":[{"embeddable":true,"href":"https:\/\/dumoulincompetition.com\/en\/wp-json\/wp\/v2\/media\/2576"}],"wp:attachment":[{"href":"https:\/\/dumoulincompetition.com\/en\/wp-json\/wp\/v2\/media?parent=3154"}],"wp:term":[{"taxonomy":"category","embeddable":true,"href":"https:\/\/dumoulincompetition.com\/en\/wp-json\/wp\/v2\/categories?post=3154"},{"taxonomy":"post_tag","embeddable":true,"href":"https:\/\/dumoulincompetition.com\/en\/wp-json\/wp\/v2\/tags?post=3154"}],"curies":[{"name":"wp","href":"https:\/\/api.w.org\/{rel}","templated":true}]}}