{"id":3168,"date":"2018-05-21T00:00:00","date_gmt":"2018-05-21T04:00:00","guid":{"rendered":"https:\/\/dumoulincompetition.com\/harsh-weekend-for-jean-francois-dumoulin-and-the-04-spectra-premium-bernier-crepeau-chrysler-fiat-groupe-bellemare-mia-team\/"},"modified":"2018-05-21T00:00:00","modified_gmt":"2018-05-21T04:00:00","slug":"harsh-weekend-for-jean-francois-dumoulin-and-the-04-spectra-premium-bernier-crepeau-chrysler-fiat-groupe-bellemare-mia-team","status":"publish","type":"post","link":"https:\/\/dumoulincompetition.com\/en\/news\/harsh-weekend-for-jean-francois-dumoulin-and-the-04-spectra-premium-bernier-crepeau-chrysler-fiat-groupe-bellemare-mia-team\/","title":{"rendered":"Harsh Weekend for Jean-Francois Dumoulin and The #04 Spectra Premium | Bernier Cr\u00e9peau Chrysler Fiat | Groupe Bellemare | MIA team"},"content":{"rendered":"<p>Jean-Fran\u00e7ois Dumoulin and the #04 <strong>Spectra Premium<\/strong> | Bernier Cr\u00e9peau Chrysler Fiat | Groupe Bellemare | MIA team turned up at the Canadian Tire Motorsport Park for the opening race of the 2018 NASCAR Pinty&#8217;s season full of justified pride for the preparation work accomplished during the winter and spring test sessions. Outright speed in the car and team motivation were at a peak, but mechanical problems prevented all that work from turning into a positive result at the end of the day.<\/p>\n<p>Motor racing is a real character builder for its participants. Building and managing a group of the best specialists and with the necessary equipment and investment does not guarantee winning results. Reality has told us over time that a modicum of luck remains essential to great results. No one can predict the outcome of a race, as on-track incidents can completely turn the results of a race upside down, taking away a victory or handing out an unexpected one.<\/p>\n<p>The #04 <strong>Spectra Premium <\/strong>| Bernier Cr\u00e9peau Chrysler Fiat | Groupe Bellemare | MIA team ran into some bad mechanical luck today, preventing Jean-Fran\u00e7ois Dumoulin from finishing the race. The quality of the work performed by the team over the winter, including going to a very different suspension, a much improved and a more powerful engine clearly made the car quicker, as shown during testings. All the variables were in place for a favourable, competitive result, a top-5 or a podium finish as a stretch goal.<\/p>\n<p>\u00ab\u00a0The weekend frustrated every member of the team, myself included,\u00a0\u00bb as Jean-Fran\u00e7ois Dumoulin told us after the race, \u00ab\u00a0We were ready to perform and optimize the car for every circumstance possible. The crew did some great work to repair our car and then resolve the issues that eventually ruined our day. We changed the transmission and the driveshaft today (Sunday) without fully resolving the issue. Our technical team will analyze what happened in depth, and come up with a permanent solution,&#8221; added the driver of the #04 <strong>Spectra Premium <\/strong>| Bernier Cr\u00e9peau Chrysler Fiat | Groupe Bellemare | MIA car.<\/p>\n<p><strong>Next event: Jukasa Motor Speedway, <\/strong>Hagersville, Ontario<\/p>\n<p>Jean-Fran\u00e7ois Dumoulin will once again be on-track for the upcoming event on the Jukasa Motor Speedway oval circuit, this coming June 16<sup>th<\/sup> (start of the race at 8 PM).<\/p>\n<p><strong>Results<\/strong>\u00a0of the race: <a href=\"https:\/\/hometracks.nascar.com\/international\/pintys-series\/race-central-live-2018-nascar-pintys-series\/\">https:\/\/hometracks.nascar.com\/international\/pintys-series\/race-central-live-2018-nascar-pintys-series\/<\/a><\/p>\n<p><strong>&#8220;THE RACE AGAINST CANCER&#8221;.\u00a0<\/strong><strong>Sign the car of your choice and ride with us!<\/strong><\/p>\n<p>Following up on the success of the past two years, Dumoulin Competition renewed for 2018 its support of an important cause: <em>the Grand d\u00e9foulement of the Quebec Cancer Foundation. <\/em>The Dumoulin brothers will continue to support the winning campaign, inviting fans to the NASCAR Pinty&#8217;s races, and sign their car for the cause. To make a donation\u00a0: <a href=\"https:\/\/bit.ly\/2vyM1dN\">https:\/\/bit.ly\/2vyM1dN<\/a><\/p>\n<p><strong>DUMOULIN BROTHERS GIVE BACK TO THEIR SPORT. The Gilles-Villeneuve Museum adds a &#8220;Dumoulin Corner&#8221;<\/strong><\/p>\n<p>Racing brothers Jean-Fran\u00e7ois and Louis-Philippe Dumoulin launched the &#8220;Dumoulin Corner&#8221; at the Mus\u00e9e Gilles-Villeneuve on May 8<sup>th<\/sup>. The new feature is a great addition to the exciting development plans for the Museum. The addition will allow visitors to enjoy a mix of items from the beginning of the brothers&#8217; careers to today. Right from the beginning, Dumoulin Competition has been turning their motto, <strong>&#8220;Passion, Performance, Partnerships&#8221;<\/strong> into reality. The museum also believes in those guiding principles and the exhibit will highlight the team&#8217;s accomplishments as well as reflect their future goals and actions.<\/p>\n<p><strong>ABOUT PARTNERS<\/strong><\/p>\n<p><strong>Spectra Premium Industries<\/strong> is a privately held company headquartered in Boucherville, Quebec, Canada. Spectra Premium is a team of more than 1,300 dedicated employees that specializes in auto parts manufacturing and distribution. The Company owns and operates four manufacturing plants and 17 warehouses. With its international distribution networks and unparalleled customer and after sales service, Spectra Premium is the automobile manufacturers&#8217;, auto technicians&#8217; and handymen&#8217;s choice for reliable, quality parts and automotive systems. Trust your vehicle to Spectra Premium (spectrapremium.com).<\/p>\n<p><strong>Bernier Crepeau Chrysler Fiat<\/strong>: With 25 years of experience, the family business has built an enviable reputation in the field of vehicle acquisition. If the future of this company is linked to the loyalty of its customers, it is also held by the reliability and strong communication of its team. This team is at your disposal, ready to listen to you, to hear you. Passion, care, and determination. A team willing to go the extra mile, with its ears wide open (berniercrepeau.com).<\/p>\n<p><strong>Group Bellemare<\/strong>: Competitive and dynamic, Thomas Bellemare&#8217;s innovative and growing family team is ready to take on any challenge. With support from senior members and a qualified team of managers, the third-generation Bellemares are reaching new heights. Built upon a solid past, the company moves forward with an exceptional team of experts and seeks a select group of clients. Our clients continue to benefit from our wide variety of services that target a large number of sectors. As a result, our visibility is constantly on the rise. Working with the Bellemare team has become a measure of success. Start off right by choosing a winning team! (groupebellemare.com).<\/p>\n<p><strong>MIA \u2013 Motorsports In Action<\/strong>: With over 50 syears of combined Motorsport experience, MIA is making a name for itself in the industry in &#8220;La Belle Province&#8221;. Being trackside, situated at Autodrome St-Eustache, gives our clients &#8220;real time&#8221; results, testing their vehicles. One stop shopping is our strength, from high-end mechanics, exotic automotive maintenance, complete race car building and design to prestige paint and meticulous detailing. &#8220;Leave it, then enjoy it!&#8221; (motorsportsinaction.com).<\/p>\n<p><strong>Trois-Rivi\u00e8res Mitsubishi<\/strong>\u00a0is proud to be one of the first Mitsubishi dealers in Canada (opening in 2002). The commitment from Mitsubishi is defined by the quality, reliability and durability of its vehicles, notably with their 10-year warranty, the best in the industry! Pride, integrity and respect are the values of the Trois-Rivi\u00e8res Mitsubishi team (troisrivieresmitsubishi.com).<\/p>\n<p><strong>THE MAIN CHARACTERISTICS OF THE NSCR100 RADIATOR<\/strong><\/p>\n<ul>\n<li>All-aluminum radiator, using optimally balanced material thickness to minimize weight<\/li>\n<li>Heavy gage tubes for increased durability;<\/li>\n<li>In-tank or external aluminum oil cooler as required;<\/li>\n<li>Universal anchor points are available for faster installation and removal<\/li>\n<li>no special tools required<\/li>\n<li>Integrated lightweight fan brackets are available to provide a secure mounting point allowing for a wide range of electric fans to be utilized;<\/li>\n<li>Universal connection inlet port offers a variety of coolant hose sizes to be utilized.<\/li>\n<\/ul>\n<p><strong>Summary \u2013 Highlights in Jean-Fran\u00e7ois Dumoulin&#8217;s career<\/strong><\/p>\n<ul>\n<li>First\u00a0<strong>podium<\/strong>\u00a0in the NASCAR Canadian Tire series on May 17, 2015 (3<sup>rd<\/sup>\u00a0place \u2013 Canadian Tire Motorsport Park);<\/li>\n<li>NASCAR Pinty&#8217;s Series Championship since 2015;<\/li>\n<li>The <strong>first Quebec-born<\/strong> driver <strong>to win twice<\/strong> the\u00a0<strong>Rolex 24 in Daytona<\/strong>; 2004 (SGS and 2007 (GT);<\/li>\n<li>Caught the attention of the <strong>renowned Player&#8217;s Driver Development Program<\/strong> scout\u00a0(Formula Ford and Formula Atlantic),\u00a0became one of the youngest drivers\u00a0ever to be recruited, and was\u00a0touted as a strong contender for the championship title in Formula Ford (1996 and 1997 seasons);<\/li>\n<li>Champion of the\u00a0<strong>Grand-Am Continental Tire Sports Car Challenge GS<\/strong>, USA in 2003 (9 podiums);<\/li>\n<li>Champion of the\u00a0<strong>Grand-Am Continental Tire Sport Car Challenge ST<\/strong>, USA in 2002 (5 podiums);<\/li>\n<li>In Montreal&#8217;s 2009 edition of\u00a0<strong>NASCAR Nationwide<\/strong>, he finished his first race in 7<sup>th<\/sup>\u00a0position aboard a badly damaged car and won the hearts of numerous fans and reporters;<\/li>\n<li>In 2000, he was the\u00a0<strong>Motorola Cup Series Vice-Champion<\/strong>,\u00a0during a season that included\u00a0a\u00a0<strong>1<sup>st<\/sup>\u00a0place\u00a0podium finish after having begun the race in 52<sup>nd<\/sup>\u00a0position\u00a0<\/strong>at the<strong>Molson Indy event in Ontario, <\/strong>Canada.<\/li>\n<\/ul>\n<p>\u00a0<\/p>\n","protected":false},"excerpt":{"rendered":"<p>Jean-Fran\u00e7ois Dumoulin and the #04 Spectra Premium | Bernier Cr\u00e9peau Chrysler Fiat | Groupe Bellemare | MIA team turned up [&hellip;]<\/p>\n","protected":false},"author":1,"featured_media":2618,"comment_status":"closed","ping_status":"closed","sticky":false,"template":"","format":"standard","meta":{"_acf_changed":false,"site-sidebar-layout":"default","site-content-layout":"","ast-site-content-layout":"default","site-content-style":"default","site-sidebar-style":"default","ast-global-header-display":"","ast-banner-title-visibility":"","ast-main-header-display":"","ast-hfb-above-header-display":"","ast-hfb-below-header-display":"","ast-hfb-mobile-header-display":"","site-post-title":"","ast-breadcrumbs-content":"","ast-featured-img":"","footer-sml-layout":"","ast-disable-related-posts":"","theme-transparent-header-meta":"","adv-header-id-meta":"","stick-header-meta":"","header-above-stick-meta":"","header-main-stick-meta":"","header-below-stick-meta":"","astra-migrate-meta-layouts":"default","ast-page-background-enabled":"default","ast-page-background-meta":{"desktop":{"background-color":"var(--ast-global-color-4)","background-image":"","background-repeat":"repeat","background-position":"center center","background-size":"auto","background-attachment":"scroll","background-type":"","background-media":"","overlay-type":"","overlay-color":"","overlay-opacity":"","overlay-gradient":""},"tablet":{"background-color":"","background-image":"","background-repeat":"repeat","background-position":"center center","background-size":"auto","background-attachment":"scroll","background-type":"","background-media":"","overlay-type":"","overlay-color":"","overlay-opacity":"","overlay-gradient":""},"mobile":{"background-color":"","background-image":"","background-repeat":"repeat","background-position":"center center","background-size":"auto","background-attachment":"scroll","background-type":"","background-media":"","overlay-type":"","overlay-color":"","overlay-opacity":"","overlay-gradient":""}},"ast-content-background-meta":{"desktop":{"background-color":"var(--ast-global-color-5)","background-image":"","background-repeat":"repeat","background-position":"center center","background-size":"auto","background-attachment":"scroll","background-type":"","background-media":"","overlay-type":"","overlay-color":"","overlay-opacity":"","overlay-gradient":""},"tablet":{"background-color":"var(--ast-global-color-5)","background-image":"","background-repeat":"repeat","background-position":"center center","background-size":"auto","background-attachment":"scroll","background-type":"","background-media":"","overlay-type":"","overlay-color":"","overlay-opacity":"","overlay-gradient":""},"mobile":{"background-color":"var(--ast-global-color-5)","background-image":"","background-repeat":"repeat","background-position":"center center","background-size":"auto","background-attachment":"scroll","background-type":"","background-media":"","overlay-type":"","overlay-color":"","overlay-opacity":"","overlay-gradient":""}},"footnotes":""},"categories":[38],"tags":[],"class_list":["post-3168","post","type-post","status-publish","format-standard","has-post-thumbnail","hentry","category-news"],"acf":[],"yoast_head":"<!-- This site is optimized with the Yoast SEO plugin v27.5 - https:\/\/yoast.com\/product\/yoast-seo-wordpress\/ -->\n<title>Harsh Weekend for Jean-Francois Dumoulin and The #04 Spectra Premium | Bernier Cr\u00e9peau Chrysler Fiat | Groupe Bellemare | MIA team - Dumoulin Comp\u00e9tition<\/title>\n<meta name=\"description\" content=\"Jean-Fran\u00e7ois Dumoulin and the #04 Spectra Premium | Bernier Cr\u00e9peau Chrysler Fiat | Groupe Bellemare | MIA team turned up at the Canadian Tire Motorsport\" \/>\n<meta name=\"robots\" content=\"index, follow, max-snippet:-1, max-image-preview:large, max-video-preview:-1\" \/>\n<link rel=\"canonical\" href=\"https:\/\/dumoulincompetition.com\/en\/news\/harsh-weekend-for-jean-francois-dumoulin-and-the-04-spectra-premium-bernier-crepeau-chrysler-fiat-groupe-bellemare-mia-team\/\" \/>\n<meta property=\"og:locale\" content=\"en_US\" \/>\n<meta property=\"og:type\" content=\"article\" \/>\n<meta property=\"og:title\" content=\"Harsh Weekend for Jean-Francois Dumoulin and The #04 Spectra Premium | Bernier Cr\u00e9peau Chrysler Fiat | Groupe Bellemare | MIA team - Dumoulin Comp\u00e9tition\" \/>\n<meta property=\"og:description\" content=\"Jean-Fran\u00e7ois Dumoulin and the #04 Spectra Premium | Bernier Cr\u00e9peau Chrysler Fiat | Groupe Bellemare | MIA team turned up at the Canadian Tire Motorsport\" \/>\n<meta property=\"og:url\" content=\"https:\/\/dumoulincompetition.com\/en\/news\/harsh-weekend-for-jean-francois-dumoulin-and-the-04-spectra-premium-bernier-crepeau-chrysler-fiat-groupe-bellemare-mia-team\/\" \/>\n<meta property=\"og:site_name\" content=\"Dumoulin Comp\u00e9tition\" \/>\n<meta property=\"article:published_time\" content=\"2018-05-21T04:00:00+00:00\" \/>\n<meta property=\"og:image\" content=\"https:\/\/dumoulincompetition.com\/wp-content\/uploads\/2024\/12\/icone-nouvelle_20180520-jf-dumoulin-photo-matthew-manor-cscg-5-20180521103644.jpg\" \/>\n\t<meta property=\"og:image:width\" content=\"1199\" \/>\n\t<meta property=\"og:image:height\" content=\"799\" \/>\n\t<meta property=\"og:image:type\" content=\"image\/jpeg\" \/>\n<meta name=\"author\" content=\"adncomm\" \/>\n<meta name=\"twitter:card\" content=\"summary_large_image\" \/>\n<meta name=\"twitter:label1\" content=\"Written by\" \/>\n\t<meta name=\"twitter:data1\" content=\"adncomm\" \/>\n\t<meta name=\"twitter:label2\" content=\"Est. reading time\" \/>\n\t<meta name=\"twitter:data2\" content=\"6 minutes\" \/>\n<script type=\"application\/ld+json\" class=\"yoast-schema-graph\">{\"@context\":\"https:\\\/\\\/schema.org\",\"@graph\":[{\"@type\":\"Article\",\"@id\":\"https:\\\/\\\/dumoulincompetition.com\\\/en\\\/news\\\/harsh-weekend-for-jean-francois-dumoulin-and-the-04-spectra-premium-bernier-crepeau-chrysler-fiat-groupe-bellemare-mia-team\\\/#article\",\"isPartOf\":{\"@id\":\"https:\\\/\\\/dumoulincompetition.com\\\/en\\\/news\\\/harsh-weekend-for-jean-francois-dumoulin-and-the-04-spectra-premium-bernier-crepeau-chrysler-fiat-groupe-bellemare-mia-team\\\/\"},\"author\":{\"name\":\"adncomm\",\"@id\":\"https:\\\/\\\/dumoulincompetition.com\\\/#\\\/schema\\\/person\\\/cb844eecab0c6a2d36c56c413e56177c\"},\"headline\":\"Harsh Weekend for Jean-Francois Dumoulin and The #04 Spectra Premium | Bernier Cr\u00e9peau Chrysler Fiat | Groupe Bellemare | MIA team\",\"datePublished\":\"2018-05-21T04:00:00+00:00\",\"mainEntityOfPage\":{\"@id\":\"https:\\\/\\\/dumoulincompetition.com\\\/en\\\/news\\\/harsh-weekend-for-jean-francois-dumoulin-and-the-04-spectra-premium-bernier-crepeau-chrysler-fiat-groupe-bellemare-mia-team\\\/\"},\"wordCount\":1253,\"image\":{\"@id\":\"https:\\\/\\\/dumoulincompetition.com\\\/en\\\/news\\\/harsh-weekend-for-jean-francois-dumoulin-and-the-04-spectra-premium-bernier-crepeau-chrysler-fiat-groupe-bellemare-mia-team\\\/#primaryimage\"},\"thumbnailUrl\":\"https:\\\/\\\/dumoulincompetition.com\\\/wp-content\\\/uploads\\\/2024\\\/12\\\/icone-nouvelle_20180520-jf-dumoulin-photo-matthew-manor-cscg-5-20180521103644.jpg\",\"articleSection\":[\"News\"],\"inLanguage\":\"en-US\"},{\"@type\":\"WebPage\",\"@id\":\"https:\\\/\\\/dumoulincompetition.com\\\/en\\\/news\\\/harsh-weekend-for-jean-francois-dumoulin-and-the-04-spectra-premium-bernier-crepeau-chrysler-fiat-groupe-bellemare-mia-team\\\/\",\"url\":\"https:\\\/\\\/dumoulincompetition.com\\\/en\\\/news\\\/harsh-weekend-for-jean-francois-dumoulin-and-the-04-spectra-premium-bernier-crepeau-chrysler-fiat-groupe-bellemare-mia-team\\\/\",\"name\":\"Harsh Weekend for Jean-Francois Dumoulin and The #04 Spectra Premium | Bernier Cr\u00e9peau Chrysler Fiat | Groupe Bellemare | MIA team - Dumoulin Comp\u00e9tition\",\"isPartOf\":{\"@id\":\"https:\\\/\\\/dumoulincompetition.com\\\/#website\"},\"primaryImageOfPage\":{\"@id\":\"https:\\\/\\\/dumoulincompetition.com\\\/en\\\/news\\\/harsh-weekend-for-jean-francois-dumoulin-and-the-04-spectra-premium-bernier-crepeau-chrysler-fiat-groupe-bellemare-mia-team\\\/#primaryimage\"},\"image\":{\"@id\":\"https:\\\/\\\/dumoulincompetition.com\\\/en\\\/news\\\/harsh-weekend-for-jean-francois-dumoulin-and-the-04-spectra-premium-bernier-crepeau-chrysler-fiat-groupe-bellemare-mia-team\\\/#primaryimage\"},\"thumbnailUrl\":\"https:\\\/\\\/dumoulincompetition.com\\\/wp-content\\\/uploads\\\/2024\\\/12\\\/icone-nouvelle_20180520-jf-dumoulin-photo-matthew-manor-cscg-5-20180521103644.jpg\",\"datePublished\":\"2018-05-21T04:00:00+00:00\",\"author\":{\"@id\":\"https:\\\/\\\/dumoulincompetition.com\\\/#\\\/schema\\\/person\\\/cb844eecab0c6a2d36c56c413e56177c\"},\"description\":\"Jean-Fran\u00e7ois Dumoulin and the #04 Spectra Premium | Bernier Cr\u00e9peau Chrysler Fiat | Groupe Bellemare | MIA team turned up at the Canadian Tire Motorsport\",\"breadcrumb\":{\"@id\":\"https:\\\/\\\/dumoulincompetition.com\\\/en\\\/news\\\/harsh-weekend-for-jean-francois-dumoulin-and-the-04-spectra-premium-bernier-crepeau-chrysler-fiat-groupe-bellemare-mia-team\\\/#breadcrumb\"},\"inLanguage\":\"en-US\",\"potentialAction\":[{\"@type\":\"ReadAction\",\"target\":[\"https:\\\/\\\/dumoulincompetition.com\\\/en\\\/news\\\/harsh-weekend-for-jean-francois-dumoulin-and-the-04-spectra-premium-bernier-crepeau-chrysler-fiat-groupe-bellemare-mia-team\\\/\"]}]},{\"@type\":\"ImageObject\",\"inLanguage\":\"en-US\",\"@id\":\"https:\\\/\\\/dumoulincompetition.com\\\/en\\\/news\\\/harsh-weekend-for-jean-francois-dumoulin-and-the-04-spectra-premium-bernier-crepeau-chrysler-fiat-groupe-bellemare-mia-team\\\/#primaryimage\",\"url\":\"https:\\\/\\\/dumoulincompetition.com\\\/wp-content\\\/uploads\\\/2024\\\/12\\\/icone-nouvelle_20180520-jf-dumoulin-photo-matthew-manor-cscg-5-20180521103644.jpg\",\"contentUrl\":\"https:\\\/\\\/dumoulincompetition.com\\\/wp-content\\\/uploads\\\/2024\\\/12\\\/icone-nouvelle_20180520-jf-dumoulin-photo-matthew-manor-cscg-5-20180521103644.jpg\",\"width\":1199,\"height\":799},{\"@type\":\"BreadcrumbList\",\"@id\":\"https:\\\/\\\/dumoulincompetition.com\\\/en\\\/news\\\/harsh-weekend-for-jean-francois-dumoulin-and-the-04-spectra-premium-bernier-crepeau-chrysler-fiat-groupe-bellemare-mia-team\\\/#breadcrumb\",\"itemListElement\":[{\"@type\":\"ListItem\",\"position\":1,\"name\":\"Accueil\",\"item\":\"https:\\\/\\\/dumoulincompetition.com\\\/\"},{\"@type\":\"ListItem\",\"position\":2,\"name\":\"Harsh Weekend for Jean-Francois Dumoulin and The #04 Spectra Premium | Bernier Cr\u00e9peau Chrysler Fiat | Groupe Bellemare | MIA team\"}]},{\"@type\":\"WebSite\",\"@id\":\"https:\\\/\\\/dumoulincompetition.com\\\/#website\",\"url\":\"https:\\\/\\\/dumoulincompetition.com\\\/\",\"name\":\"Dumoulin Comp\u00e9tition\",\"description\":\"Pilotes Automobiles Professionnels\",\"potentialAction\":[{\"@type\":\"SearchAction\",\"target\":{\"@type\":\"EntryPoint\",\"urlTemplate\":\"https:\\\/\\\/dumoulincompetition.com\\\/?s={search_term_string}\"},\"query-input\":{\"@type\":\"PropertyValueSpecification\",\"valueRequired\":true,\"valueName\":\"search_term_string\"}}],\"inLanguage\":\"en-US\"},{\"@type\":\"Person\",\"@id\":\"https:\\\/\\\/dumoulincompetition.com\\\/#\\\/schema\\\/person\\\/cb844eecab0c6a2d36c56c413e56177c\",\"name\":\"adncomm\",\"image\":{\"@type\":\"ImageObject\",\"inLanguage\":\"en-US\",\"@id\":\"https:\\\/\\\/secure.gravatar.com\\\/avatar\\\/4c46d75e602db26ed3787ff93c2a8cc136c5a9a355aaba993c41a012b8b68240?s=96&d=mm&r=g\",\"url\":\"https:\\\/\\\/secure.gravatar.com\\\/avatar\\\/4c46d75e602db26ed3787ff93c2a8cc136c5a9a355aaba993c41a012b8b68240?s=96&d=mm&r=g\",\"contentUrl\":\"https:\\\/\\\/secure.gravatar.com\\\/avatar\\\/4c46d75e602db26ed3787ff93c2a8cc136c5a9a355aaba993c41a012b8b68240?s=96&d=mm&r=g\",\"caption\":\"adncomm\"},\"sameAs\":[\"https:\\\/\\\/dumoulincompetition.com\"]}]}<\/script>\n<!-- \/ Yoast SEO plugin. -->","yoast_head_json":{"title":"Harsh Weekend for Jean-Francois Dumoulin and The #04 Spectra Premium | Bernier Cr\u00e9peau Chrysler Fiat | Groupe Bellemare | MIA team - Dumoulin Comp\u00e9tition","description":"Jean-Fran\u00e7ois Dumoulin and the #04 Spectra Premium | Bernier Cr\u00e9peau Chrysler Fiat | Groupe Bellemare | MIA team turned up at the Canadian Tire Motorsport","robots":{"index":"index","follow":"follow","max-snippet":"max-snippet:-1","max-image-preview":"max-image-preview:large","max-video-preview":"max-video-preview:-1"},"canonical":"https:\/\/dumoulincompetition.com\/en\/news\/harsh-weekend-for-jean-francois-dumoulin-and-the-04-spectra-premium-bernier-crepeau-chrysler-fiat-groupe-bellemare-mia-team\/","og_locale":"en_US","og_type":"article","og_title":"Harsh Weekend for Jean-Francois Dumoulin and The #04 Spectra Premium | Bernier Cr\u00e9peau Chrysler Fiat | Groupe Bellemare | MIA team - Dumoulin Comp\u00e9tition","og_description":"Jean-Fran\u00e7ois Dumoulin and the #04 Spectra Premium | Bernier Cr\u00e9peau Chrysler Fiat | Groupe Bellemare | MIA team turned up at the Canadian Tire Motorsport","og_url":"https:\/\/dumoulincompetition.com\/en\/news\/harsh-weekend-for-jean-francois-dumoulin-and-the-04-spectra-premium-bernier-crepeau-chrysler-fiat-groupe-bellemare-mia-team\/","og_site_name":"Dumoulin Comp\u00e9tition","article_published_time":"2018-05-21T04:00:00+00:00","og_image":[{"width":1199,"height":799,"url":"https:\/\/dumoulincompetition.com\/wp-content\/uploads\/2024\/12\/icone-nouvelle_20180520-jf-dumoulin-photo-matthew-manor-cscg-5-20180521103644.jpg","type":"image\/jpeg"}],"author":"adncomm","twitter_card":"summary_large_image","twitter_misc":{"Written by":"adncomm","Est. reading time":"6 minutes"},"schema":{"@context":"https:\/\/schema.org","@graph":[{"@type":"Article","@id":"https:\/\/dumoulincompetition.com\/en\/news\/harsh-weekend-for-jean-francois-dumoulin-and-the-04-spectra-premium-bernier-crepeau-chrysler-fiat-groupe-bellemare-mia-team\/#article","isPartOf":{"@id":"https:\/\/dumoulincompetition.com\/en\/news\/harsh-weekend-for-jean-francois-dumoulin-and-the-04-spectra-premium-bernier-crepeau-chrysler-fiat-groupe-bellemare-mia-team\/"},"author":{"name":"adncomm","@id":"https:\/\/dumoulincompetition.com\/#\/schema\/person\/cb844eecab0c6a2d36c56c413e56177c"},"headline":"Harsh Weekend for Jean-Francois Dumoulin and The #04 Spectra Premium | Bernier Cr\u00e9peau Chrysler Fiat | Groupe Bellemare | MIA team","datePublished":"2018-05-21T04:00:00+00:00","mainEntityOfPage":{"@id":"https:\/\/dumoulincompetition.com\/en\/news\/harsh-weekend-for-jean-francois-dumoulin-and-the-04-spectra-premium-bernier-crepeau-chrysler-fiat-groupe-bellemare-mia-team\/"},"wordCount":1253,"image":{"@id":"https:\/\/dumoulincompetition.com\/en\/news\/harsh-weekend-for-jean-francois-dumoulin-and-the-04-spectra-premium-bernier-crepeau-chrysler-fiat-groupe-bellemare-mia-team\/#primaryimage"},"thumbnailUrl":"https:\/\/dumoulincompetition.com\/wp-content\/uploads\/2024\/12\/icone-nouvelle_20180520-jf-dumoulin-photo-matthew-manor-cscg-5-20180521103644.jpg","articleSection":["News"],"inLanguage":"en-US"},{"@type":"WebPage","@id":"https:\/\/dumoulincompetition.com\/en\/news\/harsh-weekend-for-jean-francois-dumoulin-and-the-04-spectra-premium-bernier-crepeau-chrysler-fiat-groupe-bellemare-mia-team\/","url":"https:\/\/dumoulincompetition.com\/en\/news\/harsh-weekend-for-jean-francois-dumoulin-and-the-04-spectra-premium-bernier-crepeau-chrysler-fiat-groupe-bellemare-mia-team\/","name":"Harsh Weekend for Jean-Francois Dumoulin and The #04 Spectra Premium | Bernier Cr\u00e9peau Chrysler Fiat | Groupe Bellemare | MIA team - Dumoulin Comp\u00e9tition","isPartOf":{"@id":"https:\/\/dumoulincompetition.com\/#website"},"primaryImageOfPage":{"@id":"https:\/\/dumoulincompetition.com\/en\/news\/harsh-weekend-for-jean-francois-dumoulin-and-the-04-spectra-premium-bernier-crepeau-chrysler-fiat-groupe-bellemare-mia-team\/#primaryimage"},"image":{"@id":"https:\/\/dumoulincompetition.com\/en\/news\/harsh-weekend-for-jean-francois-dumoulin-and-the-04-spectra-premium-bernier-crepeau-chrysler-fiat-groupe-bellemare-mia-team\/#primaryimage"},"thumbnailUrl":"https:\/\/dumoulincompetition.com\/wp-content\/uploads\/2024\/12\/icone-nouvelle_20180520-jf-dumoulin-photo-matthew-manor-cscg-5-20180521103644.jpg","datePublished":"2018-05-21T04:00:00+00:00","author":{"@id":"https:\/\/dumoulincompetition.com\/#\/schema\/person\/cb844eecab0c6a2d36c56c413e56177c"},"description":"Jean-Fran\u00e7ois Dumoulin and the #04 Spectra Premium | Bernier Cr\u00e9peau Chrysler Fiat | Groupe Bellemare | MIA team turned up at the Canadian Tire Motorsport","breadcrumb":{"@id":"https:\/\/dumoulincompetition.com\/en\/news\/harsh-weekend-for-jean-francois-dumoulin-and-the-04-spectra-premium-bernier-crepeau-chrysler-fiat-groupe-bellemare-mia-team\/#breadcrumb"},"inLanguage":"en-US","potentialAction":[{"@type":"ReadAction","target":["https:\/\/dumoulincompetition.com\/en\/news\/harsh-weekend-for-jean-francois-dumoulin-and-the-04-spectra-premium-bernier-crepeau-chrysler-fiat-groupe-bellemare-mia-team\/"]}]},{"@type":"ImageObject","inLanguage":"en-US","@id":"https:\/\/dumoulincompetition.com\/en\/news\/harsh-weekend-for-jean-francois-dumoulin-and-the-04-spectra-premium-bernier-crepeau-chrysler-fiat-groupe-bellemare-mia-team\/#primaryimage","url":"https:\/\/dumoulincompetition.com\/wp-content\/uploads\/2024\/12\/icone-nouvelle_20180520-jf-dumoulin-photo-matthew-manor-cscg-5-20180521103644.jpg","contentUrl":"https:\/\/dumoulincompetition.com\/wp-content\/uploads\/2024\/12\/icone-nouvelle_20180520-jf-dumoulin-photo-matthew-manor-cscg-5-20180521103644.jpg","width":1199,"height":799},{"@type":"BreadcrumbList","@id":"https:\/\/dumoulincompetition.com\/en\/news\/harsh-weekend-for-jean-francois-dumoulin-and-the-04-spectra-premium-bernier-crepeau-chrysler-fiat-groupe-bellemare-mia-team\/#breadcrumb","itemListElement":[{"@type":"ListItem","position":1,"name":"Accueil","item":"https:\/\/dumoulincompetition.com\/"},{"@type":"ListItem","position":2,"name":"Harsh Weekend for Jean-Francois Dumoulin and The #04 Spectra Premium | Bernier Cr\u00e9peau Chrysler Fiat | Groupe Bellemare | MIA team"}]},{"@type":"WebSite","@id":"https:\/\/dumoulincompetition.com\/#website","url":"https:\/\/dumoulincompetition.com\/","name":"Dumoulin Comp\u00e9tition","description":"Pilotes Automobiles Professionnels","potentialAction":[{"@type":"SearchAction","target":{"@type":"EntryPoint","urlTemplate":"https:\/\/dumoulincompetition.com\/?s={search_term_string}"},"query-input":{"@type":"PropertyValueSpecification","valueRequired":true,"valueName":"search_term_string"}}],"inLanguage":"en-US"},{"@type":"Person","@id":"https:\/\/dumoulincompetition.com\/#\/schema\/person\/cb844eecab0c6a2d36c56c413e56177c","name":"adncomm","image":{"@type":"ImageObject","inLanguage":"en-US","@id":"https:\/\/secure.gravatar.com\/avatar\/4c46d75e602db26ed3787ff93c2a8cc136c5a9a355aaba993c41a012b8b68240?s=96&d=mm&r=g","url":"https:\/\/secure.gravatar.com\/avatar\/4c46d75e602db26ed3787ff93c2a8cc136c5a9a355aaba993c41a012b8b68240?s=96&d=mm&r=g","contentUrl":"https:\/\/secure.gravatar.com\/avatar\/4c46d75e602db26ed3787ff93c2a8cc136c5a9a355aaba993c41a012b8b68240?s=96&d=mm&r=g","caption":"adncomm"},"sameAs":["https:\/\/dumoulincompetition.com"]}]}},"_links":{"self":[{"href":"https:\/\/dumoulincompetition.com\/en\/wp-json\/wp\/v2\/posts\/3168","targetHints":{"allow":["GET"]}}],"collection":[{"href":"https:\/\/dumoulincompetition.com\/en\/wp-json\/wp\/v2\/posts"}],"about":[{"href":"https:\/\/dumoulincompetition.com\/en\/wp-json\/wp\/v2\/types\/post"}],"author":[{"embeddable":true,"href":"https:\/\/dumoulincompetition.com\/en\/wp-json\/wp\/v2\/users\/1"}],"replies":[{"embeddable":true,"href":"https:\/\/dumoulincompetition.com\/en\/wp-json\/wp\/v2\/comments?post=3168"}],"version-history":[{"count":0,"href":"https:\/\/dumoulincompetition.com\/en\/wp-json\/wp\/v2\/posts\/3168\/revisions"}],"wp:featuredmedia":[{"embeddable":true,"href":"https:\/\/dumoulincompetition.com\/en\/wp-json\/wp\/v2\/media\/2618"}],"wp:attachment":[{"href":"https:\/\/dumoulincompetition.com\/en\/wp-json\/wp\/v2\/media?parent=3168"}],"wp:term":[{"taxonomy":"category","embeddable":true,"href":"https:\/\/dumoulincompetition.com\/en\/wp-json\/wp\/v2\/categories?post=3168"},{"taxonomy":"post_tag","embeddable":true,"href":"https:\/\/dumoulincompetition.com\/en\/wp-json\/wp\/v2\/tags?post=3168"}],"curies":[{"name":"wp","href":"https:\/\/api.w.org\/{rel}","templated":true}]}}